{"id":153394,"date":"2025-09-30T08:45:04","date_gmt":"2025-09-30T11:45:04","guid":{"rendered":"https:\/\/vinasfm.com\/noticias\/?p=153394"},"modified":"2025-09-30T08:45:04","modified_gmt":"2025-09-30T11:45:04","slug":"general-alvear-dijo-presente-en-la-feria-internacional-del-turismo-en-buenos-aires","status":"publish","type":"post","link":"https:\/\/vinasfm.com\/noticias\/general-alvear-dijo-presente-en-la-feria-internacional-del-turismo-en-buenos-aires\/","title":{"rendered":"GENERAL ALVEAR DIJO PRESENTE EN LA FERIA INTERNACIONAL DEL TURISMO EN BUENOS AIRES"},"content":{"rendered":"<h4><span style=\"color: #003300;\"><strong>El director de Turismo de General Alvear, Gustavo Garc\u00eda, participa junto a su equipo en la Feria Internacional del Turismo (FIT), uno de los eventos m\u00e1s importantes del sector en Latinoam\u00e9rica, que se desarrolla en Buenos Aires desde el pasado viernes y se extender\u00e1 hasta el martes.<\/strong><\/span><\/h4>\n<p>En di\u00e1logo con <span style=\"color: #993366;\"><strong>FM VI\u00d1AS<\/strong><\/span>, <span style=\"color: #003366;\"><strong>Garc\u00eda<\/strong><\/span> expres\u00f3 su satisfacci\u00f3n por la oportunidad de mostrar al departamento en un espacio de tanta relevancia: <strong><em>\u201cEstamos en Buenos Aires con el equipo de turismo y nuestras reinas, un poco tristes porque nos perdimos el gran evento del s\u00e1bado en Alvear <\/em><\/strong><em>-la Fiesta de la Cerveza del Sur Mendocino-<\/em><strong><em>, pero muy contentos de estar trabajando para seguir posicionando a General Leal. Esta feria tiene mucha demanda y un lugar especial para mostrarse\u201d<\/em>.<\/strong><\/p>\n<p>El funcionario destac\u00f3 la calidad de los stands presentes en la FIT 2025, especialmente el de la provincia de Mendoza: <strong><em>\u201cGracias a la inversi\u00f3n de Emetur, Alvear puede contar con un espacio para promocionarse junto a nuestras reinas y productores locales\u201d<\/em>.<\/strong><\/p>\n<p>Adem\u00e1s de difundir las bondades tur\u00edsticas del departamento, el stand alvearense exhibe productos t\u00edpicos de la regi\u00f3n, como vinos, frutos secos y otros derivados de la agroindustria.<strong> \u201cAgradezco a todas las bodegas, secaderos y a todos los que colaboran para que General Alvear se muestre al pa\u00eds y al mundo\u201d<\/strong>, se\u00f1al\u00f3 Garc\u00eda.<\/p>\n<p><a href=\"https:\/\/vinasfm.com\/noticias\/wp-content\/uploads\/2025\/09\/IMG-20250929-WA0135.jpg\"><img loading=\"lazy\" decoding=\"async\" class=\"alignnone wp-image-153397\" src=\"https:\/\/vinasfm.com\/noticias\/wp-content\/uploads\/2025\/09\/IMG-20250929-WA0135-576x1024.jpg\" alt=\"\" width=\"200\" height=\"356\" srcset=\"https:\/\/vinasfm.com\/noticias\/wp-content\/uploads\/2025\/09\/IMG-20250929-WA0135-576x1024.jpg 576w, https:\/\/vinasfm.com\/noticias\/wp-content\/uploads\/2025\/09\/IMG-20250929-WA0135-169x300.jpg 169w, https:\/\/vinasfm.com\/noticias\/wp-content\/uploads\/2025\/09\/IMG-20250929-WA0135-768x1365.jpg 768w, https:\/\/vinasfm.com\/noticias\/wp-content\/uploads\/2025\/09\/IMG-20250929-WA0135-864x1536.jpg 864w, https:\/\/vinasfm.com\/noticias\/wp-content\/uploads\/2025\/09\/IMG-20250929-WA0135.jpg 900w\" sizes=\"auto, (max-width: 200px) 100vw, 200px\" \/><\/a> <a href=\"https:\/\/vinasfm.com\/noticias\/wp-content\/uploads\/2025\/09\/IMG-20250929-WA0138.jpg\"><img loading=\"lazy\" decoding=\"async\" class=\"alignnone wp-image-153396\" src=\"https:\/\/vinasfm.com\/noticias\/wp-content\/uploads\/2025\/09\/IMG-20250929-WA0138-576x1024.jpg\" alt=\"\" width=\"200\" height=\"356\" srcset=\"https:\/\/vinasfm.com\/noticias\/wp-content\/uploads\/2025\/09\/IMG-20250929-WA0138-576x1024.jpg 576w, https:\/\/vinasfm.com\/noticias\/wp-content\/uploads\/2025\/09\/IMG-20250929-WA0138-169x300.jpg 169w, https:\/\/vinasfm.com\/noticias\/wp-content\/uploads\/2025\/09\/IMG-20250929-WA0138.jpg 720w\" sizes=\"auto, (max-width: 200px) 100vw, 200px\" \/><\/a> <a href=\"https:\/\/vinasfm.com\/noticias\/wp-content\/uploads\/2025\/09\/IMG-20250929-WA0136.jpg\"><img loading=\"lazy\" decoding=\"async\" class=\"alignnone wp-image-153395\" src=\"https:\/\/vinasfm.com\/noticias\/wp-content\/uploads\/2025\/09\/IMG-20250929-WA0136-576x1024.jpg\" alt=\"\" width=\"200\" height=\"356\" srcset=\"https:\/\/vinasfm.com\/noticias\/wp-content\/uploads\/2025\/09\/IMG-20250929-WA0136-576x1024.jpg 576w, https:\/\/vinasfm.com\/noticias\/wp-content\/uploads\/2025\/09\/IMG-20250929-WA0136-169x300.jpg 169w, https:\/\/vinasfm.com\/noticias\/wp-content\/uploads\/2025\/09\/IMG-20250929-WA0136.jpg 720w\" sizes=\"auto, (max-width: 200px) 100vw, 200px\" \/><\/a><\/p>\n<p>El director tambi\u00e9n hizo un balance de los eventos recientes en el departamento, como la Fiesta de la Cerveza, que dej\u00f3 resultados muy positivos para el sector tur\u00edstico:<strong> <em>\u201cLa capacidad hotelera y de caba\u00f1as qued\u00f3 colmada, el sector privado trabaj\u00f3 full time y se gener\u00f3 un movimiento econ\u00f3mico muy importante para toda la comunidad. Eso nos motiva a seguir mejorando cada a\u00f1o\u201d<\/em>.<\/strong><\/p>\n<p>Respecto a la demanda de alojamiento, Garc\u00eda explic\u00f3 que la Direcci\u00f3n de Turismo trabaja para garantizar hospedajes formales y seguros, aunque reconoci\u00f3 que muchos visitantes tambi\u00e9n recurrieron a campings, carpas y a la oferta alternativa que circula en redes sociales.<\/p>\n<p>La FIT, que re\u00fane a m\u00e1s de 30 pa\u00edses, provincias argentinas, operadores tur\u00edsticos, aerol\u00edneas y prestadores de servicios, constituye una vidriera \u00fanica para que destinos emergentes como General Alvear ampl\u00eden su alcance y consoliden su identidad tur\u00edstica.<\/p>\n<p><strong><em>\u201cEl eje de mi gesti\u00f3n es trabajar junto al sector privado. Cuando el privado se involucra y el Estado acompa\u00f1a, todo se hace m\u00e1s grande. Eso es lo que queremos para General Alvear\u201d<\/em><\/strong>, concluy\u00f3 Garc\u00eda.<\/p>\n<p>&nbsp;<\/p>\n","protected":false},"excerpt":{"rendered":"<p>El director de Turismo de General Alvear, Gustavo Garc\u00eda, participa junto a su equipo en la Feria Internacional del Turismo (FIT), &#8230;<\/p>\n","protected":false},"author":7,"featured_media":153398,"comment_status":"open","ping_status":"open","sticky":false,"template":"","format":"standard","meta":{"footnotes":""},"categories":[1],"tags":[],"class_list":["post-153394","post","type-post","status-publish","format-standard","has-post-thumbnail","hentry","category-fmvinas"],"_links":{"self":[{"href":"https:\/\/vinasfm.com\/noticias\/wp-json\/wp\/v2\/posts\/153394","targetHints":{"allow":["GET"]}}],"collection":[{"href":"https:\/\/vinasfm.com\/noticias\/wp-json\/wp\/v2\/posts"}],"about":[{"href":"https:\/\/vinasfm.com\/noticias\/wp-json\/wp\/v2\/types\/post"}],"author":[{"embeddable":true,"href":"https:\/\/vinasfm.com\/noticias\/wp-json\/wp\/v2\/users\/7"}],"replies":[{"embeddable":true,"href":"https:\/\/vinasfm.com\/noticias\/wp-json\/wp\/v2\/comments?post=153394"}],"version-history":[{"count":2,"href":"https:\/\/vinasfm.com\/noticias\/wp-json\/wp\/v2\/posts\/153394\/revisions"}],"predecessor-version":[{"id":153400,"href":"https:\/\/vinasfm.com\/noticias\/wp-json\/wp\/v2\/posts\/153394\/revisions\/153400"}],"wp:featuredmedia":[{"embeddable":true,"href":"https:\/\/vinasfm.com\/noticias\/wp-json\/wp\/v2\/media\/153398"}],"wp:attachment":[{"href":"https:\/\/vinasfm.com\/noticias\/wp-json\/wp\/v2\/media?parent=153394"}],"wp:term":[{"taxonomy":"category","embeddable":true,"href":"https:\/\/vinasfm.com\/noticias\/wp-json\/wp\/v2\/categories?post=153394"},{"taxonomy":"post_tag","embeddable":true,"href":"https:\/\/vinasfm.com\/noticias\/wp-json\/wp\/v2\/tags?post=153394"}],"curies":[{"name":"wp","href":"https:\/\/api.w.org\/{rel}","templated":true}]}}