{"id":153342,"date":"2025-09-27T10:31:41","date_gmt":"2025-09-27T13:31:41","guid":{"rendered":"https:\/\/vinasfm.com\/noticias\/?p=153342"},"modified":"2025-09-29T10:27:20","modified_gmt":"2025-09-29T13:27:20","slug":"un-incendio-destruyo-una-vivienda-en-jaime-prats","status":"publish","type":"post","link":"https:\/\/vinasfm.com\/noticias\/un-incendio-destruyo-una-vivienda-en-jaime-prats\/","title":{"rendered":"UN INCENDIO DESTRUY\u00d3 UNA VIVIENDA EN JAIME PRATS"},"content":{"rendered":"<p><span style=\"color: #003300;\"><strong>Pasadas las 20:45 de este viernes, un llamado al 911 alert\u00f3 sobre un incendio en una vivienda ubicada en calle Mart\u00edn G\u00fcemes, en el distrito de Jaime Prats.<\/strong><\/span><\/p>\n<p>Al arribar al lugar, personal de la <strong>Comisar\u00eda 26\u00b0<\/strong> constat\u00f3 que el fuego se hab\u00eda propagado por la totalidad del inmueble perteneciente a <strong>P.B.R., de 54 a\u00f1os<\/strong>, por lo que fue necesaria la intervenci\u00f3n de Bomberos para sofocar las llamas.<\/p>\n<p>Afortunadamente, no se registraron v\u00edctimas, aunque las p\u00e9rdidas materiales fueron totales.<\/p>\n<p>La novedad fue informada al <strong>Ayudante Fiscal en turno, Dr. Facundo Roa<\/strong>, quien dispuso las medidas correspondientes para esclarecer lo ocurrido.<\/p>\n<p>&nbsp;<\/p>\n","protected":false},"excerpt":{"rendered":"<p>Pasadas las 20:45 de este viernes, un llamado al 911 alert\u00f3 sobre un incendio en una vivienda ubicada en calle Mart\u00edn &#8230;<\/p>\n","protected":false},"author":7,"featured_media":127917,"comment_status":"open","ping_status":"open","sticky":false,"template":"","format":"standard","meta":{"footnotes":""},"categories":[10,4],"tags":[],"class_list":["post-153342","post","type-post","status-publish","format-standard","has-post-thumbnail","hentry","category-destacadas","category-policiales"],"_links":{"self":[{"href":"https:\/\/vinasfm.com\/noticias\/wp-json\/wp\/v2\/posts\/153342","targetHints":{"allow":["GET"]}}],"collection":[{"href":"https:\/\/vinasfm.com\/noticias\/wp-json\/wp\/v2\/posts"}],"about":[{"href":"https:\/\/vinasfm.com\/noticias\/wp-json\/wp\/v2\/types\/post"}],"author":[{"embeddable":true,"href":"https:\/\/vinasfm.com\/noticias\/wp-json\/wp\/v2\/users\/7"}],"replies":[{"embeddable":true,"href":"https:\/\/vinasfm.com\/noticias\/wp-json\/wp\/v2\/comments?post=153342"}],"version-history":[{"count":2,"href":"https:\/\/vinasfm.com\/noticias\/wp-json\/wp\/v2\/posts\/153342\/revisions"}],"predecessor-version":[{"id":153344,"href":"https:\/\/vinasfm.com\/noticias\/wp-json\/wp\/v2\/posts\/153342\/revisions\/153344"}],"wp:featuredmedia":[{"embeddable":true,"href":"https:\/\/vinasfm.com\/noticias\/wp-json\/wp\/v2\/media\/127917"}],"wp:attachment":[{"href":"https:\/\/vinasfm.com\/noticias\/wp-json\/wp\/v2\/media?parent=153342"}],"wp:term":[{"taxonomy":"category","embeddable":true,"href":"https:\/\/vinasfm.com\/noticias\/wp-json\/wp\/v2\/categories?post=153342"},{"taxonomy":"post_tag","embeddable":true,"href":"https:\/\/vinasfm.com\/noticias\/wp-json\/wp\/v2\/tags?post=153342"}],"curies":[{"name":"wp","href":"https:\/\/api.w.org\/{rel}","templated":true}]}}