{"id":153338,"date":"2025-09-27T10:21:39","date_gmt":"2025-09-27T13:21:39","guid":{"rendered":"https:\/\/vinasfm.com\/noticias\/?p=153338"},"modified":"2025-09-29T10:27:53","modified_gmt":"2025-09-29T13:27:53","slug":"quedo-conformado-el-jurado-de-la-vendimia-2026","status":"publish","type":"post","link":"https:\/\/vinasfm.com\/noticias\/quedo-conformado-el-jurado-de-la-vendimia-2026\/","title":{"rendered":"QUED\u00d3 CONFORMADO EL JURADO DE LA VENDIMIA 2026"},"content":{"rendered":"<h4 data-start=\"177\" data-end=\"345\"><span style=\"color: #003300;\"><strong>Ya fueron designados los jurados que elegir\u00e1n la propuesta art\u00edstica del Acto Central y su repetici\u00f3n en la Fiesta Nacional de la Vendimia 2026, en su 90 aniversario.<\/strong><\/span><\/h4>\n<p data-start=\"347\" data-end=\"824\">El <strong>Gobierno de Mendoza<\/strong>, a trav\u00e9s de la <strong>Subsecretar\u00eda de Cultura<\/strong>, dependiente del Ministerio de Educaci\u00f3n, Cultura, Infancias y DGE, llam\u00f3 a Concurso para la presentaci\u00f3n de propuestas de guion con s\u00edntesis argumental, escenograf\u00eda, direcci\u00f3n art\u00edstica general, direcci\u00f3n audiovisual, puesta en escena, desarrollo t\u00e9cnico y conformaci\u00f3n del equipo art\u00edstico de la Fiesta Nacional de la Vendimia 2026, declarada <strong><em>\u201cPatrimonio cultural de la provincia de Mendoza\u201d<\/em><\/strong> por la Ley 6973.<\/p>\n<p data-start=\"826\" data-end=\"1169\">En este marco, se anunci\u00f3 la conformaci\u00f3n del jurado, integrado por representantes de los organismos e instituciones vinculados a la Fiesta, que ser\u00e1 el responsable de evaluar las propuestas que se recibir\u00e1n hasta el 1 de octubre en el Concurso P\u00fablico.<strong> El Acto Central se realizar\u00e1 el s\u00e1bado 7 de marzo de 2026, con repetici\u00f3n el domingo 8.<\/strong><\/p>\n<p data-start=\"1171\" data-end=\"1428\">De acuerdo con lo establecido en el art\u00edculo 50 de las bases del Concurso P\u00fablico, el jurado est\u00e1 compuesto por 18 miembros con derecho a voto, que representan las distintas disciplinas art\u00edsticas y t\u00e9cnicas involucradas en la realizaci\u00f3n del espect\u00e1culo.<\/p>\n<h2 data-start=\"1430\" data-end=\"1458\"><strong data-start=\"1430\" data-end=\"1456\">Integrantes del jurado<\/strong><\/h2>\n<p data-start=\"1460\" data-end=\"1497\"><strong data-start=\"1460\" data-end=\"1495\">Por la Subsecretar\u00eda de Cultura<\/strong><\/p>\n<ul data-start=\"1498\" data-end=\"1692\">\n<li data-start=\"1498\" data-end=\"1557\">\n<p data-start=\"1500\" data-end=\"1557\">\u00c1rea de Historia y Antropolog\u00eda: Gustavo Enrique Capone.<\/p>\n<\/li>\n<li data-start=\"1558\" data-end=\"1599\">\n<p data-start=\"1560\" data-end=\"1599\">\u00c1rea Art\u00edstica: Alicia Viviana Beinat.<\/p>\n<\/li>\n<li data-start=\"1600\" data-end=\"1646\">\n<p data-start=\"1602\" data-end=\"1646\">Escritor referente: Pablo Oscar De Bartolo.<\/p>\n<\/li>\n<li data-start=\"1647\" data-end=\"1692\">\n<p data-start=\"1649\" data-end=\"1692\">\u00c1rea T\u00e9cnica: Fernando Jos\u00e9 G\u00e1mez Gattari.<\/p>\n<\/li>\n<\/ul>\n<p data-start=\"1694\" data-end=\"1714\"><strong data-start=\"1694\" data-end=\"1712\">Por Argentores<\/strong><\/p>\n<ul data-start=\"1715\" data-end=\"1743\">\n<li data-start=\"1715\" data-end=\"1743\">\n<p data-start=\"1717\" data-end=\"1743\">Laura Ang\u00e9lica Rodr\u00edguez.<\/p>\n<\/li>\n<\/ul>\n<p data-start=\"1745\" data-end=\"1762\"><strong data-start=\"1745\" data-end=\"1760\">Audiovisual<\/strong><\/p>\n<ul data-start=\"1763\" data-end=\"1819\">\n<li data-start=\"1763\" data-end=\"1819\">\n<p data-start=\"1765\" data-end=\"1819\">Representante sector audiovisual: Patricio Jos\u00e9 Pina.<\/p>\n<\/li>\n<\/ul>\n<p data-start=\"1821\" data-end=\"1855\"><strong data-start=\"1821\" data-end=\"1853\">Representaci\u00f3n departamental<\/strong><\/p>\n<ul data-start=\"1856\" data-end=\"1896\">\n<li data-start=\"1856\" data-end=\"1896\">\n<p data-start=\"1858\" data-end=\"1896\">Directores de Cultura: Carolina Vico.<\/p>\n<\/li>\n<\/ul>\n<p data-start=\"1898\" data-end=\"1914\"><strong data-start=\"1898\" data-end=\"1912\">Comisiones<\/strong><\/p>\n<ul data-start=\"1915\" data-end=\"1967\">\n<li data-start=\"1915\" data-end=\"1967\">\n<p data-start=\"1917\" data-end=\"1967\">Corenave y Covinave: Roc\u00edo Silene Fuster.<\/p>\n<\/li>\n<\/ul>\n<p data-start=\"1969\" data-end=\"1991\"><strong data-start=\"1969\" data-end=\"1989\">\u00c1mbito acad\u00e9mico<\/strong><\/p>\n<ul data-start=\"1992\" data-end=\"2051\">\n<li data-start=\"1992\" data-end=\"2051\">\n<p data-start=\"1994\" data-end=\"2051\">Facultad de Arte y Dise\u00f1o UNCuyo: Federico Gast\u00f3n P\u00e9rez.<\/p>\n<\/li>\n<\/ul>\n<p data-start=\"2053\" data-end=\"2084\"><strong data-start=\"2053\" data-end=\"2082\">Ex directores de Vendimia<\/strong><\/p>\n<ul data-start=\"2085\" data-end=\"2112\">\n<li data-start=\"2085\" data-end=\"2112\">\n<p data-start=\"2087\" data-end=\"2112\">Alejandro Alberto Conte.<\/p>\n<\/li>\n<\/ul>\n<p data-start=\"2114\" data-end=\"2144\"><strong data-start=\"2114\" data-end=\"2142\">Por Ente Mendoza Turismo<\/strong><\/p>\n<ul data-start=\"2145\" data-end=\"2229\">\n<li data-start=\"2145\" data-end=\"2180\">\n<p data-start=\"2147\" data-end=\"2180\">Emetur: Marcelo Eloy Montenegro.<\/p>\n<\/li>\n<li data-start=\"2181\" data-end=\"2229\">\n<p data-start=\"2183\" data-end=\"2229\">Turismo y Territorio: Jorge Eduardo Corrales.<\/p>\n<\/li>\n<\/ul>\n<p data-start=\"2231\" data-end=\"2253\"><strong data-start=\"2231\" data-end=\"2251\">Por la Provincia<\/strong><\/p>\n<ul data-start=\"2254\" data-end=\"2345\">\n<li data-start=\"2254\" data-end=\"2292\">\n<p data-start=\"2256\" data-end=\"2292\">Infraestructura: Juan Gabriel Luna.<\/p>\n<\/li>\n<li data-start=\"2293\" data-end=\"2345\">\n<p data-start=\"2295\" data-end=\"2345\">Higiene y Seguridad: Cyntia Gisel Morales Romero.<\/p>\n<\/li>\n<\/ul>\n<p data-start=\"2347\" data-end=\"2360\"><strong data-start=\"2347\" data-end=\"2358\">Actores<\/strong><\/p>\n<ul data-start=\"2361\" data-end=\"2430\">\n<li data-start=\"2361\" data-end=\"2430\">\n<p data-start=\"2363\" data-end=\"2430\">Asociaciones y\/o Sindicatos de Actores (AAAyA): Pablo Dar\u00edo Longo.<\/p>\n<\/li>\n<\/ul>\n<p data-start=\"2432\" data-end=\"2447\"><strong data-start=\"2432\" data-end=\"2445\">Por Danza<\/strong><\/p>\n<ul data-start=\"2448\" data-end=\"2592\">\n<li data-start=\"2448\" data-end=\"2489\">\n<p data-start=\"2450\" data-end=\"2489\">AMPD: Paula Carolina Rafaela Barbuzza.<\/p>\n<\/li>\n<li data-start=\"2490\" data-end=\"2520\">\n<p data-start=\"2492\" data-end=\"2520\">ACMD: Enzo Fabi\u00e1n De Lucca.<\/p>\n<\/li>\n<li data-start=\"2521\" data-end=\"2556\">\n<p data-start=\"2523\" data-end=\"2556\">So\u00f1arte: Clara Alejandra Serber.<\/p>\n<\/li>\n<li data-start=\"2557\" data-end=\"2592\">\n<p data-start=\"2559\" data-end=\"2592\">Uco Hue: Luc\u00eda Alejandra Gu\u00ed\u00f1ez.<\/p>\n<\/li>\n<\/ul>\n<p data-start=\"2594\" data-end=\"2610\"><strong data-start=\"2594\" data-end=\"2608\">Por M\u00fasica<\/strong><\/p>\n<ul data-start=\"2611\" data-end=\"2680\">\n<li data-start=\"2611\" data-end=\"2647\">\n<p data-start=\"2613\" data-end=\"2647\">MIMM: Juan Ignacio Rojas Vergara.<\/p>\n<\/li>\n<li data-start=\"2648\" data-end=\"2680\">\n<p data-start=\"2650\" data-end=\"2680\">AMC: Zaharay Graciela Ortega.<\/p>\n<\/li>\n<\/ul>\n<p data-start=\"2682\" data-end=\"2714\"><strong data-start=\"2682\" data-end=\"2712\">Exproductores de Vendimia<\/strong><\/p>\n<ul data-start=\"2715\" data-end=\"2740\">\n<li data-start=\"2715\" data-end=\"2740\">\n<p data-start=\"2717\" data-end=\"2740\">Facundo Omar Gallardo<\/p>\n<\/li>\n<\/ul>\n<p data-start=\"2742\" data-end=\"2921\">Cabe aclarar que, en los rubros de Danza y M\u00fasica, los jurados act\u00faan de manera colegiada: cada rubro cuenta con varios representantes con voz, pero con derecho a un \u00fanico voto.<\/p>\n","protected":false},"excerpt":{"rendered":"<p>Ya fueron designados los jurados que elegir\u00e1n la propuesta art\u00edstica del Acto Central y su repetici\u00f3n en la Fiesta Nacional de &#8230;<\/p>\n","protected":false},"author":7,"featured_media":153339,"comment_status":"open","ping_status":"open","sticky":false,"template":"","format":"standard","meta":{"footnotes":""},"categories":[19,25],"tags":[],"class_list":["post-153338","post","type-post","status-publish","format-standard","has-post-thumbnail","hentry","category-cultura","category-vendimia"],"_links":{"self":[{"href":"https:\/\/vinasfm.com\/noticias\/wp-json\/wp\/v2\/posts\/153338","targetHints":{"allow":["GET"]}}],"collection":[{"href":"https:\/\/vinasfm.com\/noticias\/wp-json\/wp\/v2\/posts"}],"about":[{"href":"https:\/\/vinasfm.com\/noticias\/wp-json\/wp\/v2\/types\/post"}],"author":[{"embeddable":true,"href":"https:\/\/vinasfm.com\/noticias\/wp-json\/wp\/v2\/users\/7"}],"replies":[{"embeddable":true,"href":"https:\/\/vinasfm.com\/noticias\/wp-json\/wp\/v2\/comments?post=153338"}],"version-history":[{"count":1,"href":"https:\/\/vinasfm.com\/noticias\/wp-json\/wp\/v2\/posts\/153338\/revisions"}],"predecessor-version":[{"id":153340,"href":"https:\/\/vinasfm.com\/noticias\/wp-json\/wp\/v2\/posts\/153338\/revisions\/153340"}],"wp:featuredmedia":[{"embeddable":true,"href":"https:\/\/vinasfm.com\/noticias\/wp-json\/wp\/v2\/media\/153339"}],"wp:attachment":[{"href":"https:\/\/vinasfm.com\/noticias\/wp-json\/wp\/v2\/media?parent=153338"}],"wp:term":[{"taxonomy":"category","embeddable":true,"href":"https:\/\/vinasfm.com\/noticias\/wp-json\/wp\/v2\/categories?post=153338"},{"taxonomy":"post_tag","embeddable":true,"href":"https:\/\/vinasfm.com\/noticias\/wp-json\/wp\/v2\/tags?post=153338"}],"curies":[{"name":"wp","href":"https:\/\/api.w.org\/{rel}","templated":true}]}}