{"id":153328,"date":"2025-09-27T10:23:58","date_gmt":"2025-09-27T13:23:58","guid":{"rendered":"https:\/\/vinasfm.com\/noticias\/?p=153328"},"modified":"2025-09-29T10:27:32","modified_gmt":"2025-09-29T13:27:32","slug":"la-eta-de-carmensa-incorporo-un-tractor-de-ultima-tecnologia-para-practicas-estudiantiles","status":"publish","type":"post","link":"https:\/\/vinasfm.com\/noticias\/la-eta-de-carmensa-incorporo-un-tractor-de-ultima-tecnologia-para-practicas-estudiantiles\/","title":{"rendered":"LA ETA DE CARMENSA INCORPOR\u00d3 UN TRACTOR DE \u00daLTIMA TECNOLOG\u00cdA PARA PR\u00c1CTICAS ESTUDIANTILES"},"content":{"rendered":"<h4><strong><span style=\"color: #003300;\">La Escuela T\u00e9cnica Agropecuaria 4-171 \u201cPreceptora Hilda Coria\u201d de General Alvear celebr\u00f3 la adquisici\u00f3n de un nuevo tractor que ser\u00e1 utilizado por los estudiantes en el predio de pr\u00e1cticas de la instituci\u00f3n.<\/span><\/strong><\/h4>\n<p>La directora, <span style=\"color: #003366;\"><strong>Mar\u00eda del Carmen Silva<\/strong><\/span>, destac\u00f3 en di\u00e1logo con <span style=\"color: #993366;\"><strong>FM VI\u00d1AS<\/strong><\/span> que se trata de <em><strong>\u201cuna gran alegr\u00eda<\/strong><\/em>\u201d para toda la comunidad educativa, ya que permitir\u00e1 fortalecer la formaci\u00f3n t\u00e9cnica de los alumnos y ampliar las posibilidades de producci\u00f3n en las m\u00e1s de <strong>50 hect\u00e1reas<\/strong> con las que cuenta la finca escolar.<\/p>\n<p>El equipamiento se obtuvo gracias a un proyecto presentado en el marco del programa de <strong>cr\u00e9dito fiscal del Instituto Nacional de Educaci\u00f3n T\u00e9cnica (INET)<\/strong>, con el patrocinio de la <strong>Cooperativa Cecsagal<\/strong>, que apoy\u00f3 la iniciativa. <strong>La inversi\u00f3n fue complementada con recursos generados por la propia escuela a trav\u00e9s de la venta de productos elaborados por los estudiantes.<\/strong><\/p>\n<p><a href=\"https:\/\/vinasfm.com\/noticias\/wp-content\/uploads\/2025\/09\/ETA-CARMENSA-02.jpeg\"><img loading=\"lazy\" decoding=\"async\" class=\"alignnone size-medium wp-image-153331\" src=\"https:\/\/vinasfm.com\/noticias\/wp-content\/uploads\/2025\/09\/ETA-CARMENSA-02-225x300.jpeg\" alt=\"\" width=\"225\" height=\"300\" srcset=\"https:\/\/vinasfm.com\/noticias\/wp-content\/uploads\/2025\/09\/ETA-CARMENSA-02-225x300.jpeg 225w, https:\/\/vinasfm.com\/noticias\/wp-content\/uploads\/2025\/09\/ETA-CARMENSA-02-768x1024.jpeg 768w, https:\/\/vinasfm.com\/noticias\/wp-content\/uploads\/2025\/09\/ETA-CARMENSA-02.jpeg 960w\" sizes=\"auto, (max-width: 225px) 100vw, 225px\" \/><\/a> <a href=\"https:\/\/vinasfm.com\/noticias\/wp-content\/uploads\/2025\/09\/ETA-CARMENSA-01.jpeg\"><img loading=\"lazy\" decoding=\"async\" class=\"alignnone size-medium wp-image-153330\" src=\"https:\/\/vinasfm.com\/noticias\/wp-content\/uploads\/2025\/09\/ETA-CARMENSA-01-225x300.jpeg\" alt=\"\" width=\"225\" height=\"300\" srcset=\"https:\/\/vinasfm.com\/noticias\/wp-content\/uploads\/2025\/09\/ETA-CARMENSA-01-225x300.jpeg 225w, https:\/\/vinasfm.com\/noticias\/wp-content\/uploads\/2025\/09\/ETA-CARMENSA-01-768x1024.jpeg 768w, https:\/\/vinasfm.com\/noticias\/wp-content\/uploads\/2025\/09\/ETA-CARMENSA-01.jpeg 960w\" sizes=\"auto, (max-width: 225px) 100vw, 225px\" \/><\/a><\/p>\n<p>El nuevo tractor, de mayor porte y con tecnolog\u00eda moderna, ser\u00e1 fundamental para las tareas agr\u00edcolas y para la <strong>materia \u201cMantenimiento de M\u00e1quinas y Equipos\u201d<\/strong>, donde los alumnos aprenden a manipular y operar maquinarias. A partir del pr\u00f3ximo mes, adem\u00e1s, recibir\u00e1n <strong>capacitaciones espec\u00edficas de profesionales<\/strong> para el uso adecuado del equipamiento.<\/p>\n<p>Silva subray\u00f3 que<strong> los j\u00f3venes de la instituci\u00f3n participan activamente de todas las \u00e1reas productivas:<\/strong> desde el cultivo de parcelas hasta la elaboraci\u00f3n de chacinados y cerveza artesanal, rubro en el que el a\u00f1o pasado lograron un importante reconocimiento y que este a\u00f1o volver\u00e1n a competir el pr\u00f3ximo <strong>8 de octubre<\/strong>, con la expectativa de revalidar el t\u00edtulo.<\/p>\n<p><em><strong>\u201cLos chicos aman venir al predio, disfrutan del trabajo al aire libre y de la pr\u00e1ctica concreta que complementa la teor\u00eda del aula. Este tractor es una herramienta que abre caminos para su futuro\u201d<\/strong><\/em>, concluy\u00f3 la directora.<\/p>\n","protected":false},"excerpt":{"rendered":"<p>La Escuela T\u00e9cnica Agropecuaria 4-171 \u201cPreceptora Hilda Coria\u201d de General Alvear celebr\u00f3 la adquisici\u00f3n de un nuevo tractor que ser\u00e1 utilizado &#8230;<\/p>\n","protected":false},"author":7,"featured_media":153329,"comment_status":"open","ping_status":"open","sticky":false,"template":"","format":"standard","meta":{"footnotes":""},"categories":[14,18],"tags":[],"class_list":["post-153328","post","type-post","status-publish","format-standard","has-post-thumbnail","hentry","category-agro","category-educacion"],"_links":{"self":[{"href":"https:\/\/vinasfm.com\/noticias\/wp-json\/wp\/v2\/posts\/153328","targetHints":{"allow":["GET"]}}],"collection":[{"href":"https:\/\/vinasfm.com\/noticias\/wp-json\/wp\/v2\/posts"}],"about":[{"href":"https:\/\/vinasfm.com\/noticias\/wp-json\/wp\/v2\/types\/post"}],"author":[{"embeddable":true,"href":"https:\/\/vinasfm.com\/noticias\/wp-json\/wp\/v2\/users\/7"}],"replies":[{"embeddable":true,"href":"https:\/\/vinasfm.com\/noticias\/wp-json\/wp\/v2\/comments?post=153328"}],"version-history":[{"count":2,"href":"https:\/\/vinasfm.com\/noticias\/wp-json\/wp\/v2\/posts\/153328\/revisions"}],"predecessor-version":[{"id":153341,"href":"https:\/\/vinasfm.com\/noticias\/wp-json\/wp\/v2\/posts\/153328\/revisions\/153341"}],"wp:featuredmedia":[{"embeddable":true,"href":"https:\/\/vinasfm.com\/noticias\/wp-json\/wp\/v2\/media\/153329"}],"wp:attachment":[{"href":"https:\/\/vinasfm.com\/noticias\/wp-json\/wp\/v2\/media?parent=153328"}],"wp:term":[{"taxonomy":"category","embeddable":true,"href":"https:\/\/vinasfm.com\/noticias\/wp-json\/wp\/v2\/categories?post=153328"},{"taxonomy":"post_tag","embeddable":true,"href":"https:\/\/vinasfm.com\/noticias\/wp-json\/wp\/v2\/tags?post=153328"}],"curies":[{"name":"wp","href":"https:\/\/api.w.org\/{rel}","templated":true}]}}