{"id":153217,"date":"2025-09-24T08:17:37","date_gmt":"2025-09-24T11:17:37","guid":{"rendered":"https:\/\/vinasfm.com\/noticias\/?p=153217"},"modified":"2025-09-25T10:06:49","modified_gmt":"2025-09-25T13:06:49","slug":"153217-2","status":"publish","type":"post","link":"https:\/\/vinasfm.com\/noticias\/153217-2\/","title":{"rendered":"EL GOBIERNO PROVINCIAL REFUERZA LA SALUD MENTAL EN ALVEAR CON OBRAS Y CONVENIOS"},"content":{"rendered":"<h4><span style=\"color: #003300;\"><strong>El Gobernador recorri\u00f3 el avance de la nueva \u00c1rea de Salud Mental en el Hospital Enfermeros Argentinos, que ya alcanza un 28% de ejecuci\u00f3n, y firm\u00f3 un convenio con el intendente para la creaci\u00f3n del Centro Infanto-Juvenil N\u00b011.<\/strong><\/span><\/h4>\n<p>El <span style=\"color: #003366;\"><strong>Gobernador Alfredo Cornejo<\/strong><\/span>, acompa\u00f1ado por el<em> ministro de Salud<\/em>, <span style=\"color: #003366;\"><strong>Rodolfo Montero<\/strong><\/span>, y dem\u00e1s autoridades provinciales recorrieron en<strong> General Alvear las obras del nuevo servicio de internaci\u00f3n de Salud Mental en el Hospital Enfermeros Argentinos.<\/strong> El proyecto, que ya alcanza un 28% de avance, constituye un paso fundamental en la ampliaci\u00f3n de la infraestructura sanitaria de la provincia.<\/p>\n<p>En este contexto, el Gobernador anunci\u00f3 que para el pr\u00f3ximo a\u00f1o se realizar\u00e1 una refacci\u00f3n integral del \u00e1rea de oncolog\u00eda del hospital, utilizando exclusivamente recursos propios de la instituci\u00f3n. Durante su exposici\u00f3n, destac\u00f3 que <em><strong>\u201choy el sistema p\u00fablico en el Sur cumple un rol central, atendiendo a obras sociales y a PAMI, que en muchos casos presentan servicios limitados. Hemos avanzado en ordenar lo que se le cobra a las obras sociales y exigimos a los administradores que sean rigurosos en esa tarea. Esa recaudaci\u00f3n nos permitir\u00e1 reinvertir en el propio hospital, fortaleciendo su infraestructura y mejorando la calidad de atenci\u00f3n para los mendocinos\u201d.<\/strong><\/em><\/p>\n<p>Asimismo, remarc\u00f3 que el sur de Mendoza cuenta con un sector privado m\u00e1s d\u00e9bil, por lo que el fortalecimiento del sistema p\u00fablico ha sido un eje central de su gesti\u00f3n y se\u00f1al\u00f3 que cuanto mayor sea la recaudaci\u00f3n del hospital, mayores ser\u00e1n las posibilidades de refaccionar y modernizar las \u00e1reas necesarias.<\/p>\n<p><img decoding=\"async\" src=\"https:\/\/mza-dicaws-portal-uploads-media-prod.s3.amazonaws.com\/prensa\/uploads\/2025\/09\/MGR_9813-300x200.jpg\" \/> <img decoding=\"async\" src=\"https:\/\/mza-dicaws-portal-uploads-media-prod.s3.amazonaws.com\/prensa\/uploads\/2025\/09\/MGR_9949-300x200.jpg\" \/><\/p>\n<h2><strong>Los detalles de la obra<\/strong><\/h2>\n<p>La obra<strong> busca mejorar el acceso a la atenci\u00f3n en salud mental<\/strong> y favorecer la recuperaci\u00f3n de pacientes con trastornos de conducta, en un espacio especialmente dise\u00f1ado para garantizar bienestar, contenci\u00f3n y calidad de atenci\u00f3n.<\/p>\n<p>La empresa Universo SA lleva adelante los trabajos que <strong>incluyen la instalaci\u00f3n de la estructura del techo, con vigas y correas met\u00e1licas, y la preparaci\u00f3n para la colocaci\u00f3n de la cubierta.<\/strong> Adem\u00e1s, se realizan tareas de revoque, compactaci\u00f3n de relleno para contrapiso, levantamiento de mamposter\u00eda y ejecuci\u00f3n de estructuras de hormig\u00f3n en distintas \u00e1reas del predio.<\/p>\n<p>El nuevo servicio <strong>estar\u00e1 conformado por tres edificios asistenciales con una superficie cubierta de 945 m\u00b2, dispuestos en forma de \u201cU\u201d alrededor de un patio central.<\/strong> Este esquema arquitect\u00f3nico prioriza la luz natural, la ventilaci\u00f3n cruzada y el contacto con espacios verdes, creando un entorno propicio para la recuperaci\u00f3n.<\/p>\n<h3><strong>El \u00e1rea contar\u00e1 con:<\/strong><\/h3>\n<ul>\n<li>\u00a014 camas de internaci\u00f3n distribuidas en habitaciones dobles y triples, de las cuales cuatro estar\u00e1n destinadas a pacientes adolescentes en un sector diferenciado.<\/li>\n<li>\u00a0Consultorios para la atenci\u00f3n de pacientes internos y externos.<\/li>\n<li>\u00a0Espacios comunes como comedor, sala de estar, \u00e1rea de lectura y sector de visitas, dise\u00f1ados para fomentar la integraci\u00f3n familiar en un ambiente acogedor.<\/li>\n<li>\u00a0Un dise\u00f1o interior que combina colores c\u00e1lidos y materiales diversos, con el fin de transmitir tranquilidad y favorecer la contenci\u00f3n emocional.<\/li>\n<\/ul>\n<p>Construida con muros de mamposter\u00eda, carpinter\u00eda de doble vidrio herm\u00e9tico y un sistema de calefacci\u00f3n central, la obra garantiza funcionalidad y confort, incorporando est\u00e1ndares de calidad para un mejor servicio de salud p\u00fablica.<\/p>\n<p><a href=\"https:\/\/vinasfm.com\/noticias\/wp-content\/uploads\/2025\/09\/MGR_9918-300x200-1.jpg\"><img loading=\"lazy\" decoding=\"async\" class=\"alignnone wp-image-153218 size-full\" src=\"https:\/\/vinasfm.com\/noticias\/wp-content\/uploads\/2025\/09\/MGR_9918-300x200-1.jpg\" alt=\"\" width=\"300\" height=\"200\" data-wp-editing=\"1\" \/> <img decoding=\"async\" src=\"https:\/\/mza-dicaws-portal-uploads-media-prod.s3.amazonaws.com\/prensa\/uploads\/2025\/09\/MGR_9903-300x200.jpg\" \/><\/a><\/p>\n<h2><strong>Un antes y un despu\u00e9s en el servicio sanitario de Alvear<\/strong><\/h2>\n<p>Este proyecto se suma a las mejoras recientes del hospital, como la inauguraci\u00f3n de la nueva guardia, y reafirma el compromiso del Gobierno de Mendoza con el fortalecimiento de la infraestructura sanitaria en todo el territorio provincial.<\/p>\n<p>En este sentido, el <em>director del Hospital Enfermeros Argentinos,<\/em> <span style=\"color: #003366;\"><strong>Alejandro Torres<\/strong><\/span>, asegur\u00f3:<em><strong>\u201cPara el hospital esto significa un antes y un despu\u00e9s en la medicina de Alvear. Hoy muchos pacientes deben ser derivados a San Rafael o Mendoza porque no tenemos capacidad de contenci\u00f3n. Actualmente usamos seis camas en cl\u00ednica m\u00e9dica, que no son suficientes. Este proyecto viene a dar respuesta real, con mayor especializaci\u00f3n y m\u00e1s psic\u00f3logos. Con la guardia activa de psicolog\u00eda, implementada el 1 de junio, ya vimos un cambio significativo\u201d.<\/strong><\/em><\/p>\n<h2><strong>Avances y firma de convenio para crear un Centro Infanto-Juvenil<\/strong><\/h2>\n<p>Tambi\u00e9n durante la visita al departamento, las autoridades firmaron un convenio de cooperaci\u00f3n para poner en marcha el Centro Infanto-Juvenil N\u00b011 en General Alvear. El objetivo es garantizar la atenci\u00f3n en salud mental para ni\u00f1os, ni\u00f1as y adolescentes de 0 a 17 a\u00f1os, ampliando la cobertura territorial y evitando el traslado de las familias a otros departamentos.<\/p>\n<p>El acuerdo establece que la Municipalidad de General Alvear aportar\u00e1 el inmueble ubicado en calle Laprida 188, con cinco consultorios, sal\u00f3n de usos m\u00faltiples, oficinas, sala de espera, sanitarios, cocina y espacios verdes. Tambi\u00e9n se har\u00e1 cargo del mantenimiento, de los servicios y de disponer de personal administrativo para el funcionamiento del espacio.<\/p>\n<p>En este sentido, el<em> intendente de General Alvear<\/em>, <span style=\"color: #003366;\"><strong>Alejandro Molero<\/strong><\/span>, expres\u00f3:<em><strong> \u201cHoy tenemos una agenda muy importante en materia de salud. General Alvear viene avanzando considerablemente en la prestaci\u00f3n de servicios, desde la inauguraci\u00f3n de la nueva guardia hasta la tecnificaci\u00f3n del nosocomio. Ahora estamos en obra con el pabell\u00f3n de salud mental y con este convenio damos un paso m\u00e1s para que nuestros vecinos accedan a servicios de calidad sin tener que trasladarse. Agradezco al Gobierno de Mendoza y al ministro por acompa\u00f1ar este proceso de crecimiento\u201d.<\/strong><\/em><\/p>\n<p>Por su parte, el Ministerio de Salud y Deportes de Mendoza designar\u00e1 el equipo interdisciplinario de profesionales, conformado por psic\u00f3logos, psiquiatra, trabajadores sociales, m\u00e9dico de familia y fonoaudi\u00f3logo, adem\u00e1s de proveer el equipamiento, insumos y materiales necesarios para las actividades del nuevo centro.<\/p>\n<p>Respecto a ello, el <span style=\"color: #003366;\"><strong>ministro Rodolfo Montero<\/strong><\/span>, precis\u00f3: <em><strong>\u201cEstamos orgullosos de concretar hechos que fortalecen la salud mental en Mendoza. La nueva \u00e1rea de internaci\u00f3n diferenciada en el Hospital Enfermeros Argentinos y el convenio para crear un centro infanto-juvenil en Alvear son pasos concretos que mejoran la atenci\u00f3n y ampl\u00edan derechos en el sur provincial\u201d.<\/strong><\/em><\/p>\n<p>El convenio tendr\u00e1 una vigencia inicial de cinco a\u00f1os, con posibilidad de renovaci\u00f3n autom\u00e1tica, y prev\u00e9 la articulaci\u00f3n interinstitucional con las redes socio-comunitarias ya existentes en el departamento. De este modo, se busca fortalecer la atenci\u00f3n integral en salud mental infanto-juvenil y mejorar la calidad de vida de la comunidad\u00a0alvearense.<\/p>\n","protected":false},"excerpt":{"rendered":"<p>El Gobernador recorri\u00f3 el avance de la nueva \u00c1rea de Salud Mental en el Hospital Enfermeros Argentinos, que ya alcanza un &#8230;<\/p>\n","protected":false},"author":7,"featured_media":153227,"comment_status":"open","ping_status":"open","sticky":false,"template":"","format":"standard","meta":{"footnotes":""},"categories":[10,77],"tags":[],"class_list":["post-153217","post","type-post","status-publish","format-standard","has-post-thumbnail","hentry","category-destacadas","category-gobierno"],"_links":{"self":[{"href":"https:\/\/vinasfm.com\/noticias\/wp-json\/wp\/v2\/posts\/153217","targetHints":{"allow":["GET"]}}],"collection":[{"href":"https:\/\/vinasfm.com\/noticias\/wp-json\/wp\/v2\/posts"}],"about":[{"href":"https:\/\/vinasfm.com\/noticias\/wp-json\/wp\/v2\/types\/post"}],"author":[{"embeddable":true,"href":"https:\/\/vinasfm.com\/noticias\/wp-json\/wp\/v2\/users\/7"}],"replies":[{"embeddable":true,"href":"https:\/\/vinasfm.com\/noticias\/wp-json\/wp\/v2\/comments?post=153217"}],"version-history":[{"count":2,"href":"https:\/\/vinasfm.com\/noticias\/wp-json\/wp\/v2\/posts\/153217\/revisions"}],"predecessor-version":[{"id":153221,"href":"https:\/\/vinasfm.com\/noticias\/wp-json\/wp\/v2\/posts\/153217\/revisions\/153221"}],"wp:featuredmedia":[{"embeddable":true,"href":"https:\/\/vinasfm.com\/noticias\/wp-json\/wp\/v2\/media\/153227"}],"wp:attachment":[{"href":"https:\/\/vinasfm.com\/noticias\/wp-json\/wp\/v2\/media?parent=153217"}],"wp:term":[{"taxonomy":"category","embeddable":true,"href":"https:\/\/vinasfm.com\/noticias\/wp-json\/wp\/v2\/categories?post=153217"},{"taxonomy":"post_tag","embeddable":true,"href":"https:\/\/vinasfm.com\/noticias\/wp-json\/wp\/v2\/tags?post=153217"}],"curies":[{"name":"wp","href":"https:\/\/api.w.org\/{rel}","templated":true}]}}