{"id":153203,"date":"2025-09-23T22:17:32","date_gmt":"2025-09-24T01:17:32","guid":{"rendered":"https:\/\/vinasfm.com\/noticias\/?p=153203"},"modified":"2025-09-24T10:20:41","modified_gmt":"2025-09-24T13:20:41","slug":"la-comunidad-catolica-se-prepara-para-celebrar-el-dia-de-la-virgen-de-san-nicolas","status":"publish","type":"post","link":"https:\/\/vinasfm.com\/noticias\/la-comunidad-catolica-se-prepara-para-celebrar-el-dia-de-la-virgen-de-san-nicolas\/","title":{"rendered":"LA COMUNIDAD CAT\u00d3LICA SE PREPARA PARA CELEBRAR EL D\u00cdA DE LA VIRGEN DE SAN NICOLAS"},"content":{"rendered":"<h4>Este jueves 25 de septiembre se celebra una fecha muy especial: el d\u00eda de la Virgen del Rosario de San Nicol\u00e1s.<\/h4>\n<p>Por este motivo Horacio Valdivia destaco: <em><strong>&#8216;la Virgen del Rosario es muy querida entre nosotros, hace muchos a\u00f1os, un grupo de personas de nuestro departamento viaj\u00f3 especialmente a San Nicol\u00e1s para traer la imagen que hoy veneramos en nuestra parroquia, por eso esta devoci\u00f3n tiene un valor muy profundo y sentido para nuestra comunidad&#8217;<\/strong><\/em>.<\/p>\n<p>Asimismo invit\u00f3 a toda la comunidad a participar de las actividades que se realizar por este d\u00eda tan especial:<em><strong> &#8216;este jueves 25 los invito a participar de la procesi\u00f3n que realizaremos a las 19:00\u00a0 desde el monumento, la procesi\u00f3n concluir\u00e1 a las 20:00 en el templo parroquial, donde celebraremos juntos la Santa Misa&#8217;<\/strong><\/em>.<\/p>\n<p>&nbsp;<\/p>\n<p>&nbsp;<\/p>\n","protected":false},"excerpt":{"rendered":"<p>Este jueves 25 de septiembre se celebra una fecha muy especial: el d\u00eda de la Virgen del Rosario de San Nicol\u00e1s. &#8230;<\/p>\n","protected":false},"author":7,"featured_media":153204,"comment_status":"open","ping_status":"open","sticky":false,"template":"","format":"standard","meta":{"footnotes":""},"categories":[63,11],"tags":[],"class_list":["post-153203","post","type-post","status-publish","format-standard","has-post-thumbnail","hentry","category-iglesia","category-sociales"],"_links":{"self":[{"href":"https:\/\/vinasfm.com\/noticias\/wp-json\/wp\/v2\/posts\/153203","targetHints":{"allow":["GET"]}}],"collection":[{"href":"https:\/\/vinasfm.com\/noticias\/wp-json\/wp\/v2\/posts"}],"about":[{"href":"https:\/\/vinasfm.com\/noticias\/wp-json\/wp\/v2\/types\/post"}],"author":[{"embeddable":true,"href":"https:\/\/vinasfm.com\/noticias\/wp-json\/wp\/v2\/users\/7"}],"replies":[{"embeddable":true,"href":"https:\/\/vinasfm.com\/noticias\/wp-json\/wp\/v2\/comments?post=153203"}],"version-history":[{"count":3,"href":"https:\/\/vinasfm.com\/noticias\/wp-json\/wp\/v2\/posts\/153203\/revisions"}],"predecessor-version":[{"id":153210,"href":"https:\/\/vinasfm.com\/noticias\/wp-json\/wp\/v2\/posts\/153203\/revisions\/153210"}],"wp:featuredmedia":[{"embeddable":true,"href":"https:\/\/vinasfm.com\/noticias\/wp-json\/wp\/v2\/media\/153204"}],"wp:attachment":[{"href":"https:\/\/vinasfm.com\/noticias\/wp-json\/wp\/v2\/media?parent=153203"}],"wp:term":[{"taxonomy":"category","embeddable":true,"href":"https:\/\/vinasfm.com\/noticias\/wp-json\/wp\/v2\/categories?post=153203"},{"taxonomy":"post_tag","embeddable":true,"href":"https:\/\/vinasfm.com\/noticias\/wp-json\/wp\/v2\/tags?post=153203"}],"curies":[{"name":"wp","href":"https:\/\/api.w.org\/{rel}","templated":true}]}}