{"id":153200,"date":"2025-09-23T12:11:51","date_gmt":"2025-09-23T15:11:51","guid":{"rendered":"https:\/\/vinasfm.com\/noticias\/?p=153200"},"modified":"2025-09-24T09:53:53","modified_gmt":"2025-09-24T12:53:53","slug":"se-inauguro-la-plaza-del-barrio-el-cerrito-en-bowen","status":"publish","type":"post","link":"https:\/\/vinasfm.com\/noticias\/se-inauguro-la-plaza-del-barrio-el-cerrito-en-bowen\/","title":{"rendered":"SE INAUGUR\u00d3 LA PLAZA DEL BARRIO EL CERRITO EN BOWEN"},"content":{"rendered":"<h4>El distrito de Bowen cuenta desde este lunes con un nuevo espacio: la plaza del barrio El Cerrito, que fue inaugurada por el intendente Alejandro Molero, acompa\u00f1ado por parte de su gabinete, la presidenta del Concejo Deliberante Alejandra Torti y el jefe del \u00c1rea Departamental de Salud Marcos Domenech, ambos oriundos de ese distrito.<\/h4>\n<p>La obra, que surgi\u00f3 tras un pedido de los vecinos, incluye iluminaci\u00f3n LED, juegos infantiles y un entorno pensado para el encuentro comunitario.<\/p>\n<p>Durante el acto inaugural, los vecinos manifestaron su conformidad no solo por la plaza, sino tambi\u00e9n por las mejoras generales que se vienen desarrollando en el barrio.<\/p>\n<p>En su discurso, el intendente Molero destac\u00f3 la importancia de este nuevo espacio para la comunidad, <em><strong>\u201clas plazas no son solamente un lugar m\u00e1s dentro de un barrio. Son espacios de unidad, de encuentro, de disfrute seguro para las familias y los ni\u00f1os. Por eso esta plaza cuenta con iluminaci\u00f3n y pr\u00f3ximamente sumar\u00e1 c\u00e1maras de seguridad. Queremos que El Cerrito tenga un lugar verde y seguro, que siga creciendo y que los vecinos lo disfruten plenamente\u201d<\/strong><\/em>.<\/p>\n<p>El jefe comunal agradeci\u00f3 a los equipos municipales, a los trabajadores de Obras y Servicios P\u00fablicos y a los vecinos que acompa\u00f1aron la iniciativa, &#8216;<em><strong>nunca m\u00e1s en El Cerrito se podr\u00e1 decir que un gobierno se olvid\u00f3 de sus vecinos. Esta plaza es el inicio de muchas m\u00e1s mejoras que vamos a seguir concretando&#8217;<\/strong><\/em>.<\/p>\n<p>Vienen nuevos juegos, m\u00e1s luminaria y obras para dejar en condiciones las calles del barrio. Redoblamos el compromiso de estar cerca de la gente, cumpliendo con la palabra y transformando la vida en cada barrio de nuestro departamento.<\/p>\n<p>&nbsp;<\/p>\n","protected":false},"excerpt":{"rendered":"<p>El distrito de Bowen cuenta desde este lunes con un nuevo espacio: la plaza del barrio El Cerrito, que fue inaugurada &#8230;<\/p>\n","protected":false},"author":7,"featured_media":153201,"comment_status":"open","ping_status":"open","sticky":false,"template":"","format":"standard","meta":{"footnotes":""},"categories":[10,78],"tags":[],"class_list":["post-153200","post","type-post","status-publish","format-standard","has-post-thumbnail","hentry","category-destacadas","category-municipalidad"],"_links":{"self":[{"href":"https:\/\/vinasfm.com\/noticias\/wp-json\/wp\/v2\/posts\/153200","targetHints":{"allow":["GET"]}}],"collection":[{"href":"https:\/\/vinasfm.com\/noticias\/wp-json\/wp\/v2\/posts"}],"about":[{"href":"https:\/\/vinasfm.com\/noticias\/wp-json\/wp\/v2\/types\/post"}],"author":[{"embeddable":true,"href":"https:\/\/vinasfm.com\/noticias\/wp-json\/wp\/v2\/users\/7"}],"replies":[{"embeddable":true,"href":"https:\/\/vinasfm.com\/noticias\/wp-json\/wp\/v2\/comments?post=153200"}],"version-history":[{"count":1,"href":"https:\/\/vinasfm.com\/noticias\/wp-json\/wp\/v2\/posts\/153200\/revisions"}],"predecessor-version":[{"id":153202,"href":"https:\/\/vinasfm.com\/noticias\/wp-json\/wp\/v2\/posts\/153200\/revisions\/153202"}],"wp:featuredmedia":[{"embeddable":true,"href":"https:\/\/vinasfm.com\/noticias\/wp-json\/wp\/v2\/media\/153201"}],"wp:attachment":[{"href":"https:\/\/vinasfm.com\/noticias\/wp-json\/wp\/v2\/media?parent=153200"}],"wp:term":[{"taxonomy":"category","embeddable":true,"href":"https:\/\/vinasfm.com\/noticias\/wp-json\/wp\/v2\/categories?post=153200"},{"taxonomy":"post_tag","embeddable":true,"href":"https:\/\/vinasfm.com\/noticias\/wp-json\/wp\/v2\/tags?post=153200"}],"curies":[{"name":"wp","href":"https:\/\/api.w.org\/{rel}","templated":true}]}}