{"id":153196,"date":"2025-09-23T11:01:48","date_gmt":"2025-09-23T14:01:48","guid":{"rendered":"https:\/\/vinasfm.com\/noticias\/?p=153196"},"modified":"2025-09-24T09:54:13","modified_gmt":"2025-09-24T12:54:13","slug":"la-direccion-de-deportes-presento-el-programa-ludico-para-adultos-mayores","status":"publish","type":"post","link":"https:\/\/vinasfm.com\/noticias\/la-direccion-de-deportes-presento-el-programa-ludico-para-adultos-mayores\/","title":{"rendered":"LA DIRECCI\u00d3N DE DEPORTES PRESENT\u00d3 EL PROGRAMA L\u00daDICO PARA ADULTOS MAYORES"},"content":{"rendered":"<h4><span style=\"color: #003300;\"><strong>El Director de Deportes de General Alvear, Alberto G\u00f3mez, anunci\u00f3 la incorporaci\u00f3n de nuevas actividades dentro del Programa Adultos Activos, sumando una propuesta l\u00fadica destinada a los adultos mayores del departamento.<\/strong><\/span><\/h4>\n<p><strong><em>\u201cQueremos seguir agregando espacios de estimulaci\u00f3n cognitiva, disfrute y encuentro para nuestros mayores. Este nuevo taller es una herramienta m\u00e1s para acompa\u00f1arlos en su bienestar\u201d<\/em><\/strong>, destac\u00f3 G\u00f3mez, acompa\u00f1ado por las profesoras <span style=\"color: #003366;\"><strong>Vero Gantus<\/strong><\/span> y <span style=\"color: #003366;\"><strong>Tere Molina<\/strong><\/span>, especialistas en la tem\u00e1tica.<\/p>\n<p>La propuesta se centra en <strong>talleres de juegos de mesa<\/strong>, con el objetivo de mejorar la calidad de vida a trav\u00e9s de la atenci\u00f3n, las capacidades cognitivas, y tambi\u00e9n en el plano <strong>social y emocional<\/strong>. <em><strong>\u201cSe trata de volver al juego, a esas din\u00e1micas que disfrut\u00e1bamos de chicos, para reconectarnos con nosotros mismos y con los dem\u00e1s\u201d<\/strong><\/em>, explicaron las profesoras.<\/p>\n<p><a href=\"https:\/\/vinasfm.com\/noticias\/wp-content\/uploads\/2025\/09\/WhatsApp-Image-2025-09-23-at-10.08.31.jpeg\"><img loading=\"lazy\" decoding=\"async\" class=\"wp-image-153198 aligncenter\" src=\"https:\/\/vinasfm.com\/noticias\/wp-content\/uploads\/2025\/09\/WhatsApp-Image-2025-09-23-at-10.08.31-1024x576.jpeg\" alt=\"\" width=\"600\" height=\"338\" srcset=\"https:\/\/vinasfm.com\/noticias\/wp-content\/uploads\/2025\/09\/WhatsApp-Image-2025-09-23-at-10.08.31-1024x576.jpeg 1024w, https:\/\/vinasfm.com\/noticias\/wp-content\/uploads\/2025\/09\/WhatsApp-Image-2025-09-23-at-10.08.31-300x169.jpeg 300w, https:\/\/vinasfm.com\/noticias\/wp-content\/uploads\/2025\/09\/WhatsApp-Image-2025-09-23-at-10.08.31-768x432.jpeg 768w, https:\/\/vinasfm.com\/noticias\/wp-content\/uploads\/2025\/09\/WhatsApp-Image-2025-09-23-at-10.08.31-1140x641.jpeg 1140w, https:\/\/vinasfm.com\/noticias\/wp-content\/uploads\/2025\/09\/WhatsApp-Image-2025-09-23-at-10.08.31.jpeg 1280w\" sizes=\"auto, (max-width: 600px) 100vw, 600px\" \/><\/a><\/p>\n<p>El programa recorrer\u00e1 distintos barrios y espacios comunitarios, comenzando por el polideportivo para luego extenderse a otros puntos como Carmensa y Bowen.<strong><em> \u201cQueremos que todos tengan la posibilidad de participar, porque no solo se trata de entretenimiento, sino tambi\u00e9n de fomentar la integraci\u00f3n y la recreaci\u00f3n como pol\u00edtica p\u00fablica\u201d<\/em><\/strong>, remarcaron.<\/p>\n<p>Adem\u00e1s, se resalt\u00f3 que la actividad es <strong>gratuita<\/strong>\u00a0y abierta a toda la comunidad, solo requiere inscripci\u00f3n previa. <strong><em>\u201cLos juegos no solo invitan a compartir entre adultos mayores, sino tambi\u00e9n con ni\u00f1os y familias, generando momentos de encuentro intergeneracional\u201d<\/em><\/strong>, a\u00f1adieron las profesoras.<\/p>\n<p>Con esta iniciativa, la Municipalidad de General Alvear busca reforzar el valor de la recreaci\u00f3n como herramienta para el cuidado de la salud, la inclusi\u00f3n y el fortalecimiento de los lazos sociales.<\/p>\n","protected":false},"excerpt":{"rendered":"<p>El Director de Deportes de General Alvear, Alberto G\u00f3mez, anunci\u00f3 la incorporaci\u00f3n de nuevas actividades dentro del Programa Adultos Activos, sumando &#8230;<\/p>\n","protected":false},"author":7,"featured_media":153197,"comment_status":"open","ping_status":"open","sticky":false,"template":"","format":"standard","meta":{"footnotes":""},"categories":[3,11],"tags":[],"class_list":["post-153196","post","type-post","status-publish","format-standard","has-post-thumbnail","hentry","category-deportes","category-sociales"],"_links":{"self":[{"href":"https:\/\/vinasfm.com\/noticias\/wp-json\/wp\/v2\/posts\/153196","targetHints":{"allow":["GET"]}}],"collection":[{"href":"https:\/\/vinasfm.com\/noticias\/wp-json\/wp\/v2\/posts"}],"about":[{"href":"https:\/\/vinasfm.com\/noticias\/wp-json\/wp\/v2\/types\/post"}],"author":[{"embeddable":true,"href":"https:\/\/vinasfm.com\/noticias\/wp-json\/wp\/v2\/users\/7"}],"replies":[{"embeddable":true,"href":"https:\/\/vinasfm.com\/noticias\/wp-json\/wp\/v2\/comments?post=153196"}],"version-history":[{"count":1,"href":"https:\/\/vinasfm.com\/noticias\/wp-json\/wp\/v2\/posts\/153196\/revisions"}],"predecessor-version":[{"id":153199,"href":"https:\/\/vinasfm.com\/noticias\/wp-json\/wp\/v2\/posts\/153196\/revisions\/153199"}],"wp:featuredmedia":[{"embeddable":true,"href":"https:\/\/vinasfm.com\/noticias\/wp-json\/wp\/v2\/media\/153197"}],"wp:attachment":[{"href":"https:\/\/vinasfm.com\/noticias\/wp-json\/wp\/v2\/media?parent=153196"}],"wp:term":[{"taxonomy":"category","embeddable":true,"href":"https:\/\/vinasfm.com\/noticias\/wp-json\/wp\/v2\/categories?post=153196"},{"taxonomy":"post_tag","embeddable":true,"href":"https:\/\/vinasfm.com\/noticias\/wp-json\/wp\/v2\/tags?post=153196"}],"curies":[{"name":"wp","href":"https:\/\/api.w.org\/{rel}","templated":true}]}}