{"id":153193,"date":"2025-09-22T10:22:07","date_gmt":"2025-09-22T13:22:07","guid":{"rendered":"https:\/\/vinasfm.com\/noticias\/?p=153193"},"modified":"2025-09-23T10:27:58","modified_gmt":"2025-09-23T13:27:58","slug":"cual-es-el-precio-de-los-combustibles-y-a-que-se-debe-el-cambio-de-los-valores","status":"publish","type":"post","link":"https:\/\/vinasfm.com\/noticias\/cual-es-el-precio-de-los-combustibles-y-a-que-se-debe-el-cambio-de-los-valores\/","title":{"rendered":"CU\u00c1L ES EL PRECIO DE LOS COMBUSTIBLES Y A QU\u00c9 SE DEBE EL CAMBIO DE LOS VALORES"},"content":{"rendered":"<h4><strong><span style=\"color: #003300;\">El precio del combustible cambia casi a diario seg\u00fan la estaci\u00f3n de servicio.\u00a0<\/span><\/strong><\/h4>\n<p>En las \u00faltimas semanas, los automovilistas mendocinos se han encontrado con una situaci\u00f3n cada vez m\u00e1s notoria: el precio del combustible no solo cambia de una estaci\u00f3n de servicio a otra, sino tambi\u00e9n entre departamentos. Mientras en <strong data-start=\"383\" data-end=\"395\">Malarg\u00fce<\/strong> cargar puede resultar m\u00e1s econ\u00f3mico, en la <strong data-start=\"439\" data-end=\"460\">Ciudad de Mendoza<\/strong> los valores suelen ser m\u00e1s altos, y en lugares como <strong data-start=\"513\" data-end=\"527\">San Rafael<\/strong> o <strong data-start=\"530\" data-end=\"544\">General Alvear<\/strong> tambi\u00e9n se registran diferencias significativas.<\/p>\n<p data-start=\"597\" data-end=\"728\">Los especialistas se\u00f1alan que no hay una \u00fanica raz\u00f3n, sino una <strong data-start=\"698\" data-end=\"725\">combinaci\u00f3n de factores<\/strong>: la presi\u00f3n del <strong data-start=\"747\" data-end=\"765\">tipo de cambio<\/strong> y la carga impositiva, la <strong data-start=\"796\" data-end=\"813\">demanda local<\/strong> en cada estaci\u00f3n, las <strong data-start=\"840\" data-end=\"867\">estrategias comerciales<\/strong> de las petroleras, que ajustan sus precios de acuerdo a franjas horarias y a la competencia directa en la zona.<\/p>\n<h3>Los precios de YPF en General Alvear:<\/h3>\n<ul>\n<li>Super:\u00a0 $1.366<\/li>\n<li>Infinia: $1599<\/li>\n<li>Diesel 500: $1433<\/li>\n<li>Infinia: $1583<\/li>\n<\/ul>\n","protected":false},"excerpt":{"rendered":"<p>El precio del combustible cambia casi a diario seg\u00fan la estaci\u00f3n de servicio.\u00a0 En las \u00faltimas semanas, los automovilistas mendocinos se &#8230;<\/p>\n","protected":false},"author":7,"featured_media":53457,"comment_status":"open","ping_status":"open","sticky":false,"template":"","format":"standard","meta":{"footnotes":""},"categories":[169,188],"tags":[],"class_list":["post-153193","post","type-post","status-publish","format-standard","has-post-thumbnail","hentry","category-aumentos","category-ypf"],"_links":{"self":[{"href":"https:\/\/vinasfm.com\/noticias\/wp-json\/wp\/v2\/posts\/153193","targetHints":{"allow":["GET"]}}],"collection":[{"href":"https:\/\/vinasfm.com\/noticias\/wp-json\/wp\/v2\/posts"}],"about":[{"href":"https:\/\/vinasfm.com\/noticias\/wp-json\/wp\/v2\/types\/post"}],"author":[{"embeddable":true,"href":"https:\/\/vinasfm.com\/noticias\/wp-json\/wp\/v2\/users\/7"}],"replies":[{"embeddable":true,"href":"https:\/\/vinasfm.com\/noticias\/wp-json\/wp\/v2\/comments?post=153193"}],"version-history":[{"count":2,"href":"https:\/\/vinasfm.com\/noticias\/wp-json\/wp\/v2\/posts\/153193\/revisions"}],"predecessor-version":[{"id":153195,"href":"https:\/\/vinasfm.com\/noticias\/wp-json\/wp\/v2\/posts\/153193\/revisions\/153195"}],"wp:featuredmedia":[{"embeddable":true,"href":"https:\/\/vinasfm.com\/noticias\/wp-json\/wp\/v2\/media\/53457"}],"wp:attachment":[{"href":"https:\/\/vinasfm.com\/noticias\/wp-json\/wp\/v2\/media?parent=153193"}],"wp:term":[{"taxonomy":"category","embeddable":true,"href":"https:\/\/vinasfm.com\/noticias\/wp-json\/wp\/v2\/categories?post=153193"},{"taxonomy":"post_tag","embeddable":true,"href":"https:\/\/vinasfm.com\/noticias\/wp-json\/wp\/v2\/tags?post=153193"}],"curies":[{"name":"wp","href":"https:\/\/api.w.org\/{rel}","templated":true}]}}