{"id":153183,"date":"2025-09-23T09:39:14","date_gmt":"2025-09-23T12:39:14","guid":{"rendered":"https:\/\/vinasfm.com\/noticias\/?p=153183"},"modified":"2025-09-24T09:55:21","modified_gmt":"2025-09-24T12:55:21","slug":"cuenta-regresiva-ellos-llevaran-la-musica-a-la-fiesta-de-la-cerveza-del-sur-mendocino","status":"publish","type":"post","link":"https:\/\/vinasfm.com\/noticias\/cuenta-regresiva-ellos-llevaran-la-musica-a-la-fiesta-de-la-cerveza-del-sur-mendocino\/","title":{"rendered":"CUENTA REGRESIVA: ELLOS LLEVAR\u00c1N LA M\u00daSICA A LA FIESTA DE LA CERVEZA DEL SUR MENDOCINO"},"content":{"rendered":"<h4 data-start=\"190\" data-end=\"476\"><span style=\"color: #003300;\"><strong>El pr\u00f3ximo s\u00e1bado 27 de septiembre, desde las 14 horas, el Predio Ferial de General Alvear (Ruta 188 y Calle 7) ser\u00e1 escenario de la primera edici\u00f3n de la Fiesta de la Cerveza del Sur mendocino, un evento que promete convertirse en un cl\u00e1sico de la regi\u00f3n.<\/strong><\/span><\/h4>\n<p data-start=\"478\" data-end=\"690\">Organizada por la <strong data-start=\"496\" data-end=\"531\">Municipalidad de General Alvear<\/strong> con el apoyo de <strong data-start=\"548\" data-end=\"568\">300 Producciones<\/strong>, la jornada contar\u00e1 con un <strong data-start=\"596\" data-end=\"623\">line up de primer nivel<\/strong> que reunir\u00e1 a artistas nacionales y locales de diversos estilos.<\/p>\n<p data-start=\"692\" data-end=\"894\">La propuesta no se limita a lo musical: habr\u00e1 <strong data-start=\"738\" data-end=\"775\">patios gastron\u00f3micos y cerveceros<\/strong>, espacios de entretenimiento, activaciones especiales y un gran cierre con una fiesta para prolongar la celebraci\u00f3n.<\/p>\n<p data-start=\"896\" data-end=\"1005\">Las <strong data-start=\"900\" data-end=\"940\">entradas ya se encuentran a la venta<\/strong> a trav\u00e9s de <a class=\"decorated-link\" href=\"http:\/\/www.ticketek.com.ar\" target=\"_new\" rel=\"noopener\" data-start=\"953\" data-end=\"1002\">www.ticketek.com.ar<\/a>.<\/p>\n<h2 data-start=\"896\" data-end=\"1005\">EL LINE UP<\/h2>\n<h3>ESCENARIO ANDES ORIGEN:<\/h3>\n<ul>\n<li>16:10 Juampi Ca\u00f1ada<\/li>\n<li>17:40 Gauchito Club<\/li>\n<li>19:30 El Plan de la Mariposa<\/li>\n<li>21:40 Guasones<\/li>\n<li>23:50 Los Caligaris<\/li>\n<\/ul>\n<h3>ESCENARIO R\u00cdO ATUEL<\/h3>\n<ul>\n<li>16:25 Camila P\u00e9rez<\/li>\n<li>17:20 El Desquite de Tomasa<\/li>\n<li>18:50 Los Tipitos<\/li>\n<li>20:30 Natalie P\u00e9rez<\/li>\n<li>22:10 Estelares<\/li>\n<\/ul>\n<h3>TIERRA DE OPORTUNIDADES<\/h3>\n<ul>\n<li>15:30 Texturizados<\/li>\n<li>16:30 AL.VE.ARR<\/li>\n<li>17:40 Echaenmano<\/li>\n<li>18:50 Satiro Jeek<\/li>\n<li>20:00 Kratevas<\/li>\n<li>21:20 Manu Mart\u00ednez<\/li>\n<\/ul>\n<h2>EL MAPA DE LA FIESTA<\/h2>\n<p><a href=\"https:\/\/vinasfm.com\/noticias\/wp-content\/uploads\/2025\/09\/IMG-20250923-WA0045.jpg\"><img loading=\"lazy\" decoding=\"async\" class=\"wp-image-153185 aligncenter\" src=\"https:\/\/vinasfm.com\/noticias\/wp-content\/uploads\/2025\/09\/IMG-20250923-WA0045-819x1024.jpg\" alt=\"\" width=\"700\" height=\"875\" \/><\/a><\/p>\n","protected":false},"excerpt":{"rendered":"<p>El pr\u00f3ximo s\u00e1bado 27 de septiembre, desde las 14 horas, el Predio Ferial de General Alvear (Ruta 188 y Calle 7) &#8230;<\/p>\n","protected":false},"author":7,"featured_media":153185,"comment_status":"open","ping_status":"open","sticky":false,"template":"","format":"standard","meta":{"footnotes":""},"categories":[10,229],"tags":[],"class_list":["post-153183","post","type-post","status-publish","format-standard","has-post-thumbnail","hentry","category-destacadas","category-fiesta-de-la-cerveza"],"_links":{"self":[{"href":"https:\/\/vinasfm.com\/noticias\/wp-json\/wp\/v2\/posts\/153183","targetHints":{"allow":["GET"]}}],"collection":[{"href":"https:\/\/vinasfm.com\/noticias\/wp-json\/wp\/v2\/posts"}],"about":[{"href":"https:\/\/vinasfm.com\/noticias\/wp-json\/wp\/v2\/types\/post"}],"author":[{"embeddable":true,"href":"https:\/\/vinasfm.com\/noticias\/wp-json\/wp\/v2\/users\/7"}],"replies":[{"embeddable":true,"href":"https:\/\/vinasfm.com\/noticias\/wp-json\/wp\/v2\/comments?post=153183"}],"version-history":[{"count":2,"href":"https:\/\/vinasfm.com\/noticias\/wp-json\/wp\/v2\/posts\/153183\/revisions"}],"predecessor-version":[{"id":153186,"href":"https:\/\/vinasfm.com\/noticias\/wp-json\/wp\/v2\/posts\/153183\/revisions\/153186"}],"wp:featuredmedia":[{"embeddable":true,"href":"https:\/\/vinasfm.com\/noticias\/wp-json\/wp\/v2\/media\/153185"}],"wp:attachment":[{"href":"https:\/\/vinasfm.com\/noticias\/wp-json\/wp\/v2\/media?parent=153183"}],"wp:term":[{"taxonomy":"category","embeddable":true,"href":"https:\/\/vinasfm.com\/noticias\/wp-json\/wp\/v2\/categories?post=153183"},{"taxonomy":"post_tag","embeddable":true,"href":"https:\/\/vinasfm.com\/noticias\/wp-json\/wp\/v2\/tags?post=153183"}],"curies":[{"name":"wp","href":"https:\/\/api.w.org\/{rel}","templated":true}]}}