{"id":153160,"date":"2025-09-22T12:03:37","date_gmt":"2025-09-22T15:03:37","guid":{"rendered":"https:\/\/vinasfm.com\/noticias\/?p=153160"},"modified":"2025-09-23T10:04:09","modified_gmt":"2025-09-23T13:04:09","slug":"abigeato-malvivientes-robaron-dos-porcinos","status":"publish","type":"post","link":"https:\/\/vinasfm.com\/noticias\/abigeato-malvivientes-robaron-dos-porcinos\/","title":{"rendered":"ABIGEATO: MALVIVIENTES ROBARON DOS PORCINOS"},"content":{"rendered":"<p>Un nuevo hecho de <strong>abigeato<\/strong> se registr\u00f3 en la noche del domingo en General Alvear y es investigado por la <strong>Comisar\u00eda 46\u00b0<\/strong>.<\/p>\n<p>Seg\u00fan la denuncia, la v\u00edctima, identificada como <strong>A. C. M. (51 a\u00f1os)<\/strong>, se retir\u00f3 de su domicilio ubicado en <strong>calle 22 entre M y O<\/strong> alrededor de las 19:30 horas. Al regresar en la ma\u00f1ana del domingo, constat\u00f3 la falta de <strong>dos porcinos de pelaje marr\u00f3n claro<\/strong>, de entre 7 y 9 kilos cada uno, que se encontraban en los chiqueros de la propiedad.<\/p>\n<p>El hecho fue reportado a las autoridades alrededor de las <strong>22:35 horas<\/strong> y la causa qued\u00f3 caratulada como <strong>\u201caveriguaci\u00f3n abigeato\u201d<\/strong>, instruy\u00e9ndose las actuaciones correspondientes.<\/p>\n","protected":false},"excerpt":{"rendered":"<p>Un nuevo hecho de abigeato se registr\u00f3 en la noche del domingo en General Alvear y es investigado por la Comisar\u00eda &#8230;<\/p>\n","protected":false},"author":7,"featured_media":153162,"comment_status":"open","ping_status":"open","sticky":false,"template":"","format":"standard","meta":{"footnotes":""},"categories":[201,4],"tags":[],"class_list":["post-153160","post","type-post","status-publish","format-standard","has-post-thumbnail","hentry","category-inseguridad","category-policiales"],"_links":{"self":[{"href":"https:\/\/vinasfm.com\/noticias\/wp-json\/wp\/v2\/posts\/153160","targetHints":{"allow":["GET"]}}],"collection":[{"href":"https:\/\/vinasfm.com\/noticias\/wp-json\/wp\/v2\/posts"}],"about":[{"href":"https:\/\/vinasfm.com\/noticias\/wp-json\/wp\/v2\/types\/post"}],"author":[{"embeddable":true,"href":"https:\/\/vinasfm.com\/noticias\/wp-json\/wp\/v2\/users\/7"}],"replies":[{"embeddable":true,"href":"https:\/\/vinasfm.com\/noticias\/wp-json\/wp\/v2\/comments?post=153160"}],"version-history":[{"count":2,"href":"https:\/\/vinasfm.com\/noticias\/wp-json\/wp\/v2\/posts\/153160\/revisions"}],"predecessor-version":[{"id":153164,"href":"https:\/\/vinasfm.com\/noticias\/wp-json\/wp\/v2\/posts\/153160\/revisions\/153164"}],"wp:featuredmedia":[{"embeddable":true,"href":"https:\/\/vinasfm.com\/noticias\/wp-json\/wp\/v2\/media\/153162"}],"wp:attachment":[{"href":"https:\/\/vinasfm.com\/noticias\/wp-json\/wp\/v2\/media?parent=153160"}],"wp:term":[{"taxonomy":"category","embeddable":true,"href":"https:\/\/vinasfm.com\/noticias\/wp-json\/wp\/v2\/categories?post=153160"},{"taxonomy":"post_tag","embeddable":true,"href":"https:\/\/vinasfm.com\/noticias\/wp-json\/wp\/v2\/tags?post=153160"}],"curies":[{"name":"wp","href":"https:\/\/api.w.org\/{rel}","templated":true}]}}