{"id":153123,"date":"2025-09-21T08:42:35","date_gmt":"2025-09-21T11:42:35","guid":{"rendered":"https:\/\/vinasfm.com\/noticias\/?p=153123"},"modified":"2025-09-22T08:46:41","modified_gmt":"2025-09-22T11:46:41","slug":"alvear-celebro-el-dia-del-jubilado-con-un-encuentro-en-bowen","status":"publish","type":"post","link":"https:\/\/vinasfm.com\/noticias\/alvear-celebro-el-dia-del-jubilado-con-un-encuentro-en-bowen\/","title":{"rendered":"ALVEAR CELEBR\u00d3 EL D\u00cdA DEL JUBILADO CON UN ENCUENTRO EN BOWEN"},"content":{"rendered":"<h4><span style=\"color: #003300;\"><strong>Este s\u00e1bado, en el Centro de Jubilados y Pensionados de Bowen se desarroll\u00f3 el festejo por el D\u00eda del Jubilado, una jornada organizada por la Direcci\u00f3n de Familias, a trav\u00e9s del \u00e1rea del Adulto Mayor, en conjunto con la comisi\u00f3n del Centro de Jubilados del distrito.<\/strong><\/span><\/h4>\n<p>El encuentro cont\u00f3 con la presencia del <span style=\"color: #003366;\"><strong>intendente Alejandro Molero<\/strong><\/span>, la<em> presidenta del Honorable Concejo Deliberante<\/em><span style=\"color: #003366;\"><strong> Alejandra Torti<\/strong><\/span>, el <em>delegado de Bowen<\/em> <strong><span style=\"color: #003366;\">Luis Gergeluk<\/span><\/strong>, la<em> directora de Familias<\/em> <span style=\"color: #003366;\"><strong>Gabriela Arzel\u00e1n<\/strong><\/span>, la<em> reina del Adulto Mayor<\/em> <span style=\"color: #003366;\"><strong>N\u00e9lida Arancibia,<\/strong><\/span> entre otros.<\/p>\n<p>Hubo m\u00fasica, bailes, comidas t\u00edpicas y actividades recreativas que hicieron del encuentro una verdadera fiesta de integraci\u00f3n y celebraci\u00f3n.<\/p>\n<p>La <em>coordinadora del \u00c1rea del Adulto Mayor<\/em>,<span style=\"color: #003366;\"><strong> Jorgelina Peralta<\/strong><\/span>, destac\u00f3 que<strong><em> \u201cestas actividades son espacios de encuentro para disfrutar, compartir y relacionarse con otros adultos mayores, siempre con el acompa\u00f1amiento del municipio en talleres, deportes y propuestas recreativas\u201d.<\/em><\/strong><\/p>\n<p>Por su parte, la presidenta del HCD, Alejandra Torti, destac\u00f3: <em><strong>\u201ceste Centro de Jubilados hoy ha contenido a jubilados de todo el departamento, y nosotros seguimos trabajando para darles contenci\u00f3n y actividades, teniendo en cuenta la importancia de nuestros abuelos en nuestra vida, quienes nos transmitieron valores y quienes nos ense\u00f1aron a salir adelante\u201d.<\/strong><\/em><\/p>\n<p><a href=\"https:\/\/vinasfm.com\/noticias\/wp-content\/uploads\/2025\/09\/IMG-20250922-WA0013.jpg\"><img loading=\"lazy\" decoding=\"async\" class=\"alignnone wp-image-153125\" src=\"https:\/\/vinasfm.com\/noticias\/wp-content\/uploads\/2025\/09\/IMG-20250922-WA0013-1024x575.jpg\" alt=\"\" width=\"360\" height=\"202\" srcset=\"https:\/\/vinasfm.com\/noticias\/wp-content\/uploads\/2025\/09\/IMG-20250922-WA0013-1024x575.jpg 1024w, https:\/\/vinasfm.com\/noticias\/wp-content\/uploads\/2025\/09\/IMG-20250922-WA0013-300x168.jpg 300w, https:\/\/vinasfm.com\/noticias\/wp-content\/uploads\/2025\/09\/IMG-20250922-WA0013-768x431.jpg 768w, https:\/\/vinasfm.com\/noticias\/wp-content\/uploads\/2025\/09\/IMG-20250922-WA0013-1536x862.jpg 1536w, https:\/\/vinasfm.com\/noticias\/wp-content\/uploads\/2025\/09\/IMG-20250922-WA0013-750x420.jpg 750w, https:\/\/vinasfm.com\/noticias\/wp-content\/uploads\/2025\/09\/IMG-20250922-WA0013-1140x641.jpg 1140w, https:\/\/vinasfm.com\/noticias\/wp-content\/uploads\/2025\/09\/IMG-20250922-WA0013.jpg 1600w\" sizes=\"auto, (max-width: 360px) 100vw, 360px\" \/><\/a> <a href=\"https:\/\/vinasfm.com\/noticias\/wp-content\/uploads\/2025\/09\/IMG-20250922-WA0012.jpg\"><img loading=\"lazy\" decoding=\"async\" class=\"alignnone wp-image-153124\" src=\"https:\/\/vinasfm.com\/noticias\/wp-content\/uploads\/2025\/09\/IMG-20250922-WA0012-1024x575.jpg\" alt=\"\" width=\"360\" height=\"202\" srcset=\"https:\/\/vinasfm.com\/noticias\/wp-content\/uploads\/2025\/09\/IMG-20250922-WA0012-1024x575.jpg 1024w, https:\/\/vinasfm.com\/noticias\/wp-content\/uploads\/2025\/09\/IMG-20250922-WA0012-300x168.jpg 300w, https:\/\/vinasfm.com\/noticias\/wp-content\/uploads\/2025\/09\/IMG-20250922-WA0012-768x431.jpg 768w, https:\/\/vinasfm.com\/noticias\/wp-content\/uploads\/2025\/09\/IMG-20250922-WA0012-1536x862.jpg 1536w, https:\/\/vinasfm.com\/noticias\/wp-content\/uploads\/2025\/09\/IMG-20250922-WA0012-750x420.jpg 750w, https:\/\/vinasfm.com\/noticias\/wp-content\/uploads\/2025\/09\/IMG-20250922-WA0012-1140x641.jpg 1140w, https:\/\/vinasfm.com\/noticias\/wp-content\/uploads\/2025\/09\/IMG-20250922-WA0012.jpg 1600w\" sizes=\"auto, (max-width: 360px) 100vw, 360px\" \/><\/a><\/p>\n<p>Los protagonistas vivieron una jornada de alegr\u00eda y camarader\u00eda. <span style=\"color: #003366;\"><strong>Mar\u00eda<\/strong><\/span>, una jubilada presente, expres\u00f3: <strong><em>\u201chemos tenido un recibimiento muy bonito, compartiendo con todos los compa\u00f1eros y agradeciendo a la municipalidad por todo lo que hace por nosotros\u201d.<\/em><\/strong><\/p>\n<p>A su vez, Alicia Bertomeu, secretaria de la Comisi\u00f3n del Centro de Jubilados de Bowen, resalt\u00f3 el esp\u00edritu activo de los mayores: <em><strong>\u201cno somos jubilados que se quedan en casa sin ganas, somos adultos activos con experiencia de vida, y este es el tiempo para disfrutar y hacer todo lo que so\u00f1amos\u201d.<\/strong><\/em><\/p>\n<p>De esta manera, el festejo fue un espacio de contenci\u00f3n y recreaci\u00f3n, reafirmando la importancia de los adultos mayores en el departamento.<\/p>\n","protected":false},"excerpt":{"rendered":"<p>Este s\u00e1bado, en el Centro de Jubilados y Pensionados de Bowen se desarroll\u00f3 el festejo por el D\u00eda del Jubilado, una &#8230;<\/p>\n","protected":false},"author":7,"featured_media":153126,"comment_status":"open","ping_status":"open","sticky":false,"template":"","format":"standard","meta":{"footnotes":""},"categories":[1],"tags":[],"class_list":["post-153123","post","type-post","status-publish","format-standard","has-post-thumbnail","hentry","category-fmvinas"],"_links":{"self":[{"href":"https:\/\/vinasfm.com\/noticias\/wp-json\/wp\/v2\/posts\/153123","targetHints":{"allow":["GET"]}}],"collection":[{"href":"https:\/\/vinasfm.com\/noticias\/wp-json\/wp\/v2\/posts"}],"about":[{"href":"https:\/\/vinasfm.com\/noticias\/wp-json\/wp\/v2\/types\/post"}],"author":[{"embeddable":true,"href":"https:\/\/vinasfm.com\/noticias\/wp-json\/wp\/v2\/users\/7"}],"replies":[{"embeddable":true,"href":"https:\/\/vinasfm.com\/noticias\/wp-json\/wp\/v2\/comments?post=153123"}],"version-history":[{"count":2,"href":"https:\/\/vinasfm.com\/noticias\/wp-json\/wp\/v2\/posts\/153123\/revisions"}],"predecessor-version":[{"id":153128,"href":"https:\/\/vinasfm.com\/noticias\/wp-json\/wp\/v2\/posts\/153123\/revisions\/153128"}],"wp:featuredmedia":[{"embeddable":true,"href":"https:\/\/vinasfm.com\/noticias\/wp-json\/wp\/v2\/media\/153126"}],"wp:attachment":[{"href":"https:\/\/vinasfm.com\/noticias\/wp-json\/wp\/v2\/media?parent=153123"}],"wp:term":[{"taxonomy":"category","embeddable":true,"href":"https:\/\/vinasfm.com\/noticias\/wp-json\/wp\/v2\/categories?post=153123"},{"taxonomy":"post_tag","embeddable":true,"href":"https:\/\/vinasfm.com\/noticias\/wp-json\/wp\/v2\/tags?post=153123"}],"curies":[{"name":"wp","href":"https:\/\/api.w.org\/{rel}","templated":true}]}}