{"id":153113,"date":"2025-09-22T08:28:45","date_gmt":"2025-09-22T11:28:45","guid":{"rendered":"https:\/\/vinasfm.com\/noticias\/?p=153113"},"modified":"2025-09-22T08:28:45","modified_gmt":"2025-09-22T11:28:45","slug":"hubo-heladas-en-zonas-productivas-de-mendoza-y-esperan-el-reporte-de-danos","status":"publish","type":"post","link":"https:\/\/vinasfm.com\/noticias\/hubo-heladas-en-zonas-productivas-de-mendoza-y-esperan-el-reporte-de-danos\/","title":{"rendered":"HUBO HELADAS EN ZONAS PRODUCTIVAS DE MENDOZA Y ESPERAN EL REPORTE DE DA\u00d1OS"},"content":{"rendered":"<h4><strong><span style=\"color: #003300;\">Durante la madrugada de este lunes se registraron heladas en el Valle de Uco. El fen\u00f3meno se dio en etapa de floraci\u00f3n y hay preocupaci\u00f3n entre productores.<\/span><\/strong><\/h4>\n<article class=\"article-body first\">\n<div class=\"article-content\">\n<div class=\"cuerpo\" data-twitter-link=\"\">\n<p>La primavera arranc\u00f3 con viento Zonda, granizo y ahora tambi\u00e9n\u00a0<strong>heladas tard\u00edas<\/strong>\u00a0en las\u00a0<strong>zonas productivas<\/strong>\u00a0de Mendoza. El fr\u00edo se hizo sentir en la madrugada de este lunes, mientras los cultivos est\u00e1n en una etapa clave; y se esperan reportes de\u00a0<strong>da\u00f1os<\/strong>\u00a0para saber cu\u00e1l ha sido el grado de afectaci\u00f3n en\u00a0<strong>Valle de Uco, San Rafael y General Alvear<\/strong>.<\/p>\n<\/div>\n<\/div>\n<\/article>\n<article class=\"article-body\">\n<div class=\"article-content\">\n<div class=\"cuerpo\" data-twitter-link=\"\">\n<p>El intendente de San Carlos,\u00a0<strong>Alejandro Morillas<\/strong>, \u00a0confirm\u00f3 que en localidades como El Cepillo y Tres Esquinas se esperaban\u00a0<strong>temperaturas bajo cero<\/strong>. <em><strong>\u00abEs una atr\u00e1s de otra la que estamos viendo\u00bb,<\/strong><\/em> sintetiz\u00f3, en alusi\u00f3n al granizo que cay\u00f3 en las \u00faltimas horas.<\/p>\n<p><img decoding=\"async\" class=\"aligncenter\" src=\"https:\/\/media.diariouno.com.ar\/p\/85987b489c985a969d60114370a58c3a\/adjuntos\/298\/imagenes\/009\/628\/0009628449\/1200x0\/smart\/heladas-zonas-productivas-mendoza-san-carlos-fuego.jpg\" alt=\"Los productores hacen lo que pueden para protegerse del fr&amp;iacute;o durante las madrugadas.\" \/><\/p>\n<p><em><strong>\u00abEl\u00a0granizo\u00a0fue bastante intenso, una cantidad nunca vista aqu\u00ed. Cay\u00f3 en La Consulta, Eugenio Bustos, Chac\u00f3n, Paraje Furlotti, la zona de Altamira, Loteo Su\u00e1rez&#8230; bastante distribuido en todo el departamento. Tuvimos m\u00e1s de\u00a0150 personas asistidas. Los equipos de la municipalidad han estado trabajando casi 20 horas. Fue un domingo muy intenso (&#8230;) con m\u00e1s de 50 casas con techos da\u00f1ados, otras inundadas\u00bb<\/strong><\/em>, resalt\u00f3 el jefe comunal.<\/p>\n<p><strong><em>\u00abMi casa tambi\u00e9n se ha llovido\u00a0por el peso del granizo\u00bb<\/em><\/strong>, a\u00f1adi\u00f3 Morillas.<\/p>\n<p>El intendente cont\u00f3 que en las zonas productivas se aguardan\u00a0<strong>informes de da\u00f1os<\/strong>, pero se teme que sean importantes.<em><strong> \u00abY como bonus track despu\u00e9s tuvimos el viento Zonda. Parece un cuento de terror\u00bb<\/strong><\/em>, marc\u00f3.<\/p>\n<p><img loading=\"lazy\" decoding=\"async\" class=\"aligncenter\" src=\"https:\/\/media.diariouno.com.ar\/p\/26184dd4908e3ce50d8cde163fd08bf8\/adjuntos\/298\/imagenes\/009\/628\/0009628455\/1200x0\/smart\/granizo-la-consulta-san-carlos.jpg\" alt=\"No era nieve, sino granizo. As&amp;iacute; se ve&amp;iacute;a la zona urbana de San Carlos el pasado fin de semana.\" width=\"601\" height=\"338\" \/><\/p>\n<h2>Heladas, granizo y viento Zonda en zonas productivas<\/h2>\n<p>Conforme avance la ma\u00f1ana, se har\u00e1n las evaluaciones en los campos. En especial los de los productores, que a partir de ahora tienen 10 d\u00edas corridos para hacer las denuncias y\u00a0<strong>cobrar los seguros agr\u00edcolas<\/strong>.<\/p>\n<p>Morillas record\u00f3 que en el caso de los frutales con carozo <strong><em>\u00abse est\u00e1\u00a0en plena floraci\u00f3n. Esto que ocurri\u00f3 va a dejar sin cosecha a m\u00e1s de un productor\u00bb<\/em><\/strong>, lament\u00f3, y detall\u00f3 que a lo largo de la semana habr\u00e1 que analizar cu\u00e1les han sido las lesiones sobre los cultivos, puesto que eso es algo que no se puede saber de forma inmediata.<\/p>\n<p><strong>San Carlos<\/strong>\u00a0no tiene aviones de lucha antigranizo desde 2006. <em><strong>\u00abIgual yo nunca hab\u00eda visto esto. No se pod\u00eda creer, uno andaba por la calle y parec\u00eda una tormenta tremenda de nieve por la cantidad de\u00a0granizo\u00a0en el suelo. Hab\u00eda lugares donde no se pod\u00eda avanzar porque los veh\u00edculos no daban. Era como circular en nieve\u00bb.<\/strong><\/em><\/p>\n<p>Los\u00a0<strong>productores de San Carlos<\/strong>\u00a0que necesiten denunciar da\u00f1os pueden comunicarse al 530208 y la web de\u00a0<a href=\"https:\/\/www.mendoza.gov.ar\/contingencias\/\" target=\"_blank\" rel=\"follow noopener\">Contingencias Clim\u00e1ticas<\/a>.<\/p>\n<h6>Diario Uno.<\/h6>\n<\/div>\n<\/div>\n<\/article>\n","protected":false},"excerpt":{"rendered":"<p>Durante la madrugada de este lunes se registraron heladas en el Valle de Uco. El fen\u00f3meno se dio en etapa de &#8230;<\/p>\n","protected":false},"author":7,"featured_media":153114,"comment_status":"open","ping_status":"open","sticky":false,"template":"","format":"standard","meta":{"footnotes":""},"categories":[1],"tags":[],"class_list":["post-153113","post","type-post","status-publish","format-standard","has-post-thumbnail","hentry","category-fmvinas"],"_links":{"self":[{"href":"https:\/\/vinasfm.com\/noticias\/wp-json\/wp\/v2\/posts\/153113","targetHints":{"allow":["GET"]}}],"collection":[{"href":"https:\/\/vinasfm.com\/noticias\/wp-json\/wp\/v2\/posts"}],"about":[{"href":"https:\/\/vinasfm.com\/noticias\/wp-json\/wp\/v2\/types\/post"}],"author":[{"embeddable":true,"href":"https:\/\/vinasfm.com\/noticias\/wp-json\/wp\/v2\/users\/7"}],"replies":[{"embeddable":true,"href":"https:\/\/vinasfm.com\/noticias\/wp-json\/wp\/v2\/comments?post=153113"}],"version-history":[{"count":2,"href":"https:\/\/vinasfm.com\/noticias\/wp-json\/wp\/v2\/posts\/153113\/revisions"}],"predecessor-version":[{"id":153116,"href":"https:\/\/vinasfm.com\/noticias\/wp-json\/wp\/v2\/posts\/153113\/revisions\/153116"}],"wp:featuredmedia":[{"embeddable":true,"href":"https:\/\/vinasfm.com\/noticias\/wp-json\/wp\/v2\/media\/153114"}],"wp:attachment":[{"href":"https:\/\/vinasfm.com\/noticias\/wp-json\/wp\/v2\/media?parent=153113"}],"wp:term":[{"taxonomy":"category","embeddable":true,"href":"https:\/\/vinasfm.com\/noticias\/wp-json\/wp\/v2\/categories?post=153113"},{"taxonomy":"post_tag","embeddable":true,"href":"https:\/\/vinasfm.com\/noticias\/wp-json\/wp\/v2\/tags?post=153113"}],"curies":[{"name":"wp","href":"https:\/\/api.w.org\/{rel}","templated":true}]}}