{"id":153109,"date":"2025-09-20T11:07:11","date_gmt":"2025-09-20T14:07:11","guid":{"rendered":"https:\/\/vinasfm.com\/noticias\/?p=153109"},"modified":"2025-09-20T11:07:11","modified_gmt":"2025-09-20T14:07:11","slug":"por-que-todos-regalan-flores-amarillas-el-21-de-septiembre-y-que-significa","status":"publish","type":"post","link":"https:\/\/vinasfm.com\/noticias\/por-que-todos-regalan-flores-amarillas-el-21-de-septiembre-y-que-significa\/","title":{"rendered":"\u00bfPOR QU\u00c9 TODOS REGALAN FLORES AMARILLAS EL 21 DE SEPTIEMBRE Y QU\u00c9 SIGNIFICA?"},"content":{"rendered":"<h4 class=\"description-boxed\"><span style=\"color: #003300;\"><strong>La tendencia naci\u00f3 en una famosa serie juvenil de la televisi\u00f3n argentina y hoy recorre redes sociales, florer\u00edas y corazones. \u00bfModa pasajera o nuevo ritual cultural? Una costumbre que mezcla primavera, paz y afecto.<\/strong><\/span><\/h4>\n<p><b>Septiembre\u00a0<\/b>es sin\u00f3nimo de nuevos comienzos. En el\u00a0<b>Hemisferio Sur<\/b>, marca la\u00a0<b>llegada de la primavera<\/b>, el florecer de la naturaleza y el renacer de las emociones. Pero tambi\u00e9n es un mes cargado de simbolismos m\u00e1s profundos: el<b>\u00a021\u00a0<\/b>se celebra el\u00a0<strong class=\"skrollable skrollable-between\" data-start=\"805\" data-end=\"836\">D\u00eda Internacional de la Paz<\/strong>, instaurado por la Organizaci\u00f3n de las Naciones Unidas (ONU), y en pa\u00edses como\u00a0<strong class=\"skrollable skrollable-between\" data-start=\"878\" data-end=\"890\">Colombia<\/strong>, tambi\u00e9n coincide con el\u00a0<strong class=\"skrollable skrollable-between\" data-start=\"916\" data-end=\"945\">D\u00eda del Amor y la Amistad<\/strong>. En este contexto,\u00a0<strong class=\"skrollable skrollable-between\" data-start=\"965\" data-end=\"993\">regalar flores amarillas<\/strong>\u00a0se volvi\u00f3 una costumbre que mezcla ternura, cultura pop y un mensaje esperanzador.<\/p>\n<p class=\"skrollable skrollable-between\" data-start=\"1078\" data-end=\"1661\">Lo curioso es que esta tendencia no nace de una tradici\u00f3n centenaria ni de una festividad religiosa, sino de la\u00a0<strong class=\"skrollable skrollable-between\" data-start=\"1190\" data-end=\"1214\">televisi\u00f3n argentina<\/strong>. En<b>\u00a02004<\/b>, la serie juvenil\u00a0<strong class=\"skrollable skrollable-between\" data-start=\"1242\" data-end=\"1257\"><i>Floricienta<\/i><\/strong>, protagonizada por<b>\u00a0Florencia Bertotti<\/b>, marc\u00f3 a toda una generaci\u00f3n con su canci\u00f3n \u00ab<i>Flores Amarillas\u00bb<\/i>. En ella, la protagonista expresaba su sue\u00f1o de recibir este ramo de parte de la persona que amaba. Esa escena se volvi\u00f3 ic\u00f3nica y, con el paso del tiempo, fue recreada miles de veces en redes sociales como\u00a0<strong class=\"skrollable skrollable-between\" data-start=\"1561\" data-end=\"1571\">TikTok<\/strong>\u00a0e\u00a0<strong class=\"skrollable skrollable-between\" data-start=\"1574\" data-end=\"1587\">Instagram<\/strong>\u00a0por j\u00f3venes (y no tanto) que esperan con ilusi\u00f3n su propio ramo amarillo.<\/p>\n<p class=\"skrollable skrollable-between\" data-start=\"1663\" data-end=\"2021\">Pero la fuerza del gesto no solo radica en su origen televisivo. El\u00a0<strong class=\"skrollable skrollable-between\" data-start=\"1731\" data-end=\"1749\">color amarillo<\/strong>, en muchas culturas &#8211; sobre todo orientales-, est\u00e1 asociado con la\u00a0<strong class=\"skrollable skrollable-between\" data-start=\"1792\" data-end=\"1834\">amistad, el optimismo y la prosperidad<\/strong>. As\u00ed, regalar flores de este color se convirti\u00f3 en una manera de transmitir\u00a0<strong class=\"skrollable skrollable-between\" data-start=\"1911\" data-end=\"1953\">amor, buenos deseos y energ\u00eda positiva<\/strong>, no solo entre parejas, sino tambi\u00e9n entre amigos y seres queridos.<\/p>\n<p class=\"skrollable skrollable-between\" data-start=\"2023\" data-end=\"2315\">En\u00a0<strong class=\"skrollable skrollable-between\" data-start=\"2026\" data-end=\"2038\">Colombia<\/strong>, donde el D\u00eda del Amor y la Amistad se celebra cada\u00a0<strong class=\"skrollable skrollable-between\" data-start=\"2091\" data-end=\"2122\">tercer s\u00e1bado de septiembre\u00a0<\/strong>(instaurada desde\u00a0<b>1969<\/b>), esta moda encontr\u00f3 un espacio perfecto para expandirse. Y este 21 de septiembre de 2025, ambas fechas coinciden, lo que promete un boom de flores amarillas, celebraciones y mensajes emotivos.<\/p>\n<p data-start=\"2023\" data-end=\"2315\"><img decoding=\"async\" class=\"aligncenter\" src=\"https:\/\/img.lagaceta.com.ar\/fotos\/notas\/2025\/03\/21\/600x400_cada-21-marzo-argentina-se-celebra-dia-flores-amarillas-1075730-094016.webp\" alt=\"D\u00eda de las Flores Amarillas: por qu\u00e9 se celebra hoy y cu\u00e1l es su significado\" \/><\/p>\n<h2 class=\"bullletsmall skrollable skrollable-between\" data-start=\"2317\" data-end=\"2364\">\u00bfY cu\u00e1l es la flor amarilla por excelencia?<\/h2>\n<p class=\"skrollable skrollable-between\" data-start=\"2366\" data-end=\"2804\">En Colombia, la m\u00e1s popular es el\u00a0<strong class=\"skrollable skrollable-between\" data-start=\"2400\" data-end=\"2423\">crisantemo amarillo<\/strong>. Conocido por su durabilidad y su color intenso, se cultiva en regiones como\u00a0<strong class=\"skrollable skrollable-between\" data-start=\"2501\" data-end=\"2537\">Cundinamarca, Antioquia y Boyac\u00e1<\/strong>, donde el clima favorece su crecimiento. Es una flor que no solo decora, sino que\u00a0<strong class=\"skrollable skrollable-between\" data-start=\"2620\" data-end=\"2669\">simboliza alegr\u00eda, esperanza y afecto sincero<\/strong>. Su uso se ha extendido tanto en celebraciones como en homenajes y redes sociales, convirti\u00e9ndola en un verdadero \u00edcono contempor\u00e1neo.<\/p>\n<p class=\"skrollable skrollable-between\" data-start=\"2806\" data-end=\"3032\">M\u00e1s all\u00e1 del tipo de flor -porque en Floricienta abundaban margaritas, tulipanes y rosas-, el mensaje que transmite este gesto es universal:\u00a0<strong class=\"skrollable skrollable-between\" data-start=\"2949\" data-end=\"2987\">recibir el cari\u00f1o de quien uno ama<\/strong>. Y eso, definitivamente, nunca pasa de moda.<\/p>\n<div class=\"zone zone_interp\"><\/div>\n","protected":false},"excerpt":{"rendered":"<p>La tendencia naci\u00f3 en una famosa serie juvenil de la televisi\u00f3n argentina y hoy recorre redes sociales, florer\u00edas y corazones. \u00bfModa &#8230;<\/p>\n","protected":false},"author":7,"featured_media":153110,"comment_status":"open","ping_status":"open","sticky":false,"template":"","format":"standard","meta":{"footnotes":""},"categories":[1],"tags":[],"class_list":["post-153109","post","type-post","status-publish","format-standard","has-post-thumbnail","hentry","category-fmvinas"],"_links":{"self":[{"href":"https:\/\/vinasfm.com\/noticias\/wp-json\/wp\/v2\/posts\/153109","targetHints":{"allow":["GET"]}}],"collection":[{"href":"https:\/\/vinasfm.com\/noticias\/wp-json\/wp\/v2\/posts"}],"about":[{"href":"https:\/\/vinasfm.com\/noticias\/wp-json\/wp\/v2\/types\/post"}],"author":[{"embeddable":true,"href":"https:\/\/vinasfm.com\/noticias\/wp-json\/wp\/v2\/users\/7"}],"replies":[{"embeddable":true,"href":"https:\/\/vinasfm.com\/noticias\/wp-json\/wp\/v2\/comments?post=153109"}],"version-history":[{"count":1,"href":"https:\/\/vinasfm.com\/noticias\/wp-json\/wp\/v2\/posts\/153109\/revisions"}],"predecessor-version":[{"id":153111,"href":"https:\/\/vinasfm.com\/noticias\/wp-json\/wp\/v2\/posts\/153109\/revisions\/153111"}],"wp:featuredmedia":[{"embeddable":true,"href":"https:\/\/vinasfm.com\/noticias\/wp-json\/wp\/v2\/media\/153110"}],"wp:attachment":[{"href":"https:\/\/vinasfm.com\/noticias\/wp-json\/wp\/v2\/media?parent=153109"}],"wp:term":[{"taxonomy":"category","embeddable":true,"href":"https:\/\/vinasfm.com\/noticias\/wp-json\/wp\/v2\/categories?post=153109"},{"taxonomy":"post_tag","embeddable":true,"href":"https:\/\/vinasfm.com\/noticias\/wp-json\/wp\/v2\/tags?post=153109"}],"curies":[{"name":"wp","href":"https:\/\/api.w.org\/{rel}","templated":true}]}}