{"id":153098,"date":"2025-09-19T10:56:32","date_gmt":"2025-09-19T13:56:32","guid":{"rendered":"https:\/\/vinasfm.com\/noticias\/?p=153098"},"modified":"2025-09-22T09:21:13","modified_gmt":"2025-09-22T12:21:13","slug":"el-campo-en-alvear-entre-la-incertidumbre-climatica-y-los-desafios-economicos","status":"publish","type":"post","link":"https:\/\/vinasfm.com\/noticias\/el-campo-en-alvear-entre-la-incertidumbre-climatica-y-los-desafios-economicos\/","title":{"rendered":"EL CAMPO EN ALVEAR: ENTRE LA INCERTIDUMBRE CLIM\u00c1TICA Y LOS DESAF\u00cdOS ECON\u00d3MICOS"},"content":{"rendered":"<h4><span style=\"color: #003300;\"><strong><span class=\"sigijh_hlt sigijh_animateMe\">El sector productivo de la regi\u00f3n atraviesa un momento de alta vulnerabilidad. A la constante amenaza de las heladas y los vientos, se suman los graves problemas de rentabilidad que enfrentan los productores. Fernando Gauvron, presidente de la Espec\u00edfica de la Industria de la C\u00e1mara de Comercio de General Alvear, analiz\u00f3 la situaci\u00f3n y destac\u00f3 la falta de respuestas pol\u00edticas concretas.<\/span><\/strong><\/span><\/h4>\n<p>Gauvron, que se define como productor primario y secundario, reconoci\u00f3 que la \u00e9poca actual es la de mayor nerviosismo para los productores. <em><strong>\u00abA pesar de un invierno sin grandes heladas, la subida de la temperatura ha acelerado la floraci\u00f3n de frutales como el membrillo y el durazno, dej\u00e1ndolos expuestos a posibles heladas tard\u00edas\u00bb<\/strong><\/em>, dijo.<\/p>\n<p><em><strong>\u00abSi bien el m\u00e9todo de defensa contra las heladas sol\u00eda ser la quema de combustibles, actualmente se utiliza el riego, un m\u00e9todo m\u00e1s econ\u00f3mico y que a su vez ayuda a las plantas a contrarrestar la escasez de agua, que es un problema muy grande en la zona\u00bb<\/strong><\/em>, agreg\u00f3.<\/p>\n<h2>Tormentas y falta de rentabilidad<\/h2>\n<p>La situaci\u00f3n se agrava para aquellos productores que el a\u00f1o pasado sufrieron los estragos de las granizadas. Gauvron estim\u00f3 que la recuperaci\u00f3n de las fincas afectadas, como las de Real del Padre, llevar\u00e1 un m\u00ednimo de seis, siete a\u00f1os para que vuelvan a ser productivas.<\/p>\n<p>El panorama econ\u00f3mico es igualmente sombr\u00edo<span class=\"sigijh_hlt\">. El presidente de la Espec\u00edfica de la Industria de General Alvear identific\u00f3 tres problemas claves. <em><strong>\u00abUno de ellos, es la carga fuerte impositiva. El precio final de un producto el 60 % se corresponde a impuestos. Esto, sumado al costo de la energ\u00eda, hace que seamos la segunda o la tercera provincia m\u00e1s cara del pa\u00eds\u00bb<\/strong><\/em>, sostuvo.<\/span><\/p>\n<p><strong>\u00abPor otro lado, la entrada de productos como el durazno, que tambi\u00e9n se producen en la zona, genera una competencia desleal. Con la carga impositiva que tienen en Argentina, los productores locales no pueden competir\u00bb<\/strong>, recalc\u00f3.<\/p>\n<p><em><strong>\u00abFinalmente, incide la situaci\u00f3n del pa\u00eds. La crisis econ\u00f3mica, con la falta de ventas y el encarecimiento generalizado, impacta de lleno en la rentabilidad del sector\u00bb<\/strong><\/em>, manifest\u00f3,<\/p>\n<h3>Falta de respuestas pol\u00edticas para el sector<\/h3>\n<p>Por \u00faltimo, coment\u00f3 que, a pesar de los constantes reclamos al gobierno provincial, la respuesta ha sido insuficiente. <em><strong>\u00abSi bien hemos mantenido buena comunicaci\u00f3n y muchas charlas para plantear nuestros problemas, las soluciones favorables para el sector han sido muy pocas o pr\u00e1cticamente nulas\u00bb<\/strong><\/em>, asegur\u00f3.<\/p>\n<p><span class=\"sigijh_hlt\">En ese sentido, el productor lament\u00f3 que el sector siga en el mismo punto, a pesar de las promesas de soluciones. Concluy\u00f3 que en el sur de Mendoza la situaci\u00f3n es especialmente grave.<strong><em> \u00abSomos siempre los \u00faltimos en recibir un mont\u00f3n de cosas. Desde el marco pol\u00edtico no es que no haya cambios, hay cosas muy buenas que se han hecho, pero hay algunos que tienen que ser r\u00e1pidos. Ante una traba que se impone, una f\u00e1brica no puede cambiar una matriz de producci\u00f3n de un d\u00eda para el otro. El proceso entero para lograrlo tarda, al menos, cuatro a\u00f1os\u00bb<\/em><\/strong>, cerr\u00f3.<\/span><\/p>\n<h6>Diario San Rafael.<\/h6>\n","protected":false},"excerpt":{"rendered":"<p>El sector productivo de la regi\u00f3n atraviesa un momento de alta vulnerabilidad. A la constante amenaza de las heladas y los &#8230;<\/p>\n","protected":false},"author":7,"featured_media":153099,"comment_status":"open","ping_status":"open","sticky":false,"template":"","format":"standard","meta":{"footnotes":""},"categories":[14,10],"tags":[],"class_list":["post-153098","post","type-post","status-publish","format-standard","has-post-thumbnail","hentry","category-agro","category-destacadas"],"_links":{"self":[{"href":"https:\/\/vinasfm.com\/noticias\/wp-json\/wp\/v2\/posts\/153098","targetHints":{"allow":["GET"]}}],"collection":[{"href":"https:\/\/vinasfm.com\/noticias\/wp-json\/wp\/v2\/posts"}],"about":[{"href":"https:\/\/vinasfm.com\/noticias\/wp-json\/wp\/v2\/types\/post"}],"author":[{"embeddable":true,"href":"https:\/\/vinasfm.com\/noticias\/wp-json\/wp\/v2\/users\/7"}],"replies":[{"embeddable":true,"href":"https:\/\/vinasfm.com\/noticias\/wp-json\/wp\/v2\/comments?post=153098"}],"version-history":[{"count":1,"href":"https:\/\/vinasfm.com\/noticias\/wp-json\/wp\/v2\/posts\/153098\/revisions"}],"predecessor-version":[{"id":153100,"href":"https:\/\/vinasfm.com\/noticias\/wp-json\/wp\/v2\/posts\/153098\/revisions\/153100"}],"wp:featuredmedia":[{"embeddable":true,"href":"https:\/\/vinasfm.com\/noticias\/wp-json\/wp\/v2\/media\/153099"}],"wp:attachment":[{"href":"https:\/\/vinasfm.com\/noticias\/wp-json\/wp\/v2\/media?parent=153098"}],"wp:term":[{"taxonomy":"category","embeddable":true,"href":"https:\/\/vinasfm.com\/noticias\/wp-json\/wp\/v2\/categories?post=153098"},{"taxonomy":"post_tag","embeddable":true,"href":"https:\/\/vinasfm.com\/noticias\/wp-json\/wp\/v2\/tags?post=153098"}],"curies":[{"name":"wp","href":"https:\/\/api.w.org\/{rel}","templated":true}]}}