{"id":153021,"date":"2025-09-17T19:51:46","date_gmt":"2025-09-17T22:51:46","guid":{"rendered":"https:\/\/vinasfm.com\/noticias\/?p=153021"},"modified":"2025-09-18T10:28:27","modified_gmt":"2025-09-18T13:28:27","slug":"el-programa-de-electrocardiogramas-para-deportistas-llego-al-polideportivo","status":"publish","type":"post","link":"https:\/\/vinasfm.com\/noticias\/el-programa-de-electrocardiogramas-para-deportistas-llego-al-polideportivo\/","title":{"rendered":"EL PROGRAMA DE ELECTROCARDIOGRAMAS PARA DEPORTISTAS LLEG\u00d3 AL POLIDEPORTIVO\u00a0"},"content":{"rendered":"<h4><span style=\"color: #003366;\"><strong>La Municipalidad de General Alvear, junto al Hospital Enfermeros Argentinos y la Residencia de Enfermer\u00eda Comunitaria, desarrolla un programa de electrocardiogramas gratuitos para j\u00f3venes y adultos que participan en la Liga Regional de Futsal y en las Escuelas Deportivas Municipales.<\/strong><\/span><\/h4>\n<p>La iniciativa se desarrolla en el <strong>Polideportivo Deportistas Alvearenses,<\/strong> donde funciona un consultorio de atenci\u00f3n primaria preparado para brindar este servicio. Se estima la realizaci\u00f3n de entre 300 y 400 estudios a lo largo de las pr\u00f3ximas semanas.<\/p>\n<p>El <em>director de Deportes<\/em>, <span style=\"color: #003366;\"><strong>Alberto G\u00f3mez<\/strong><\/span>, resalt\u00f3:<strong><em> \u201ces un gran beneficio para la comunidad, este programa nos permite prevenir y detectar a tiempo posibles problemas\u201d.<\/em><\/strong><\/p>\n<p>Desde el Hospital Enfermeros Argentinos, <strong>Miguel P\u00e9rez<\/strong>, a cargo de la <em>Residencia en Enfermer\u00eda<\/em> explic\u00f3: \u201c<strong><em>estamos utilizando el consultorio del Polideportivo para atenci\u00f3n primaria en cardiolog\u00eda, abarcando tanto a las escuelas deportivas como a la Liga de Futsal\u201d.<\/em><\/strong><\/p>\n<p>Por su parte, <strong>Patricia Cirica<\/strong>, se\u00f1al\u00f3: <strong><em>\u201clos resultados estar\u00e1n listos la primera semana de octubre y luego ser\u00e1n entregados a cada club con los informes m\u00e9dicos correspondientes\u201d.<\/em><\/strong><\/p>\n<p>Con este programa, el Municipio y el hospital refuerzan la prevenci\u00f3n en salud, garantizando que cada deportista alvearense pueda practicar su disciplina de manera m\u00e1s segura.<\/p>\n","protected":false},"excerpt":{"rendered":"<p>La Municipalidad de General Alvear, junto al Hospital Enfermeros Argentinos y la Residencia de Enfermer\u00eda Comunitaria, desarrolla un programa de electrocardiogramas &#8230;<\/p>\n","protected":false},"author":7,"featured_media":153023,"comment_status":"open","ping_status":"open","sticky":false,"template":"","format":"standard","meta":{"footnotes":""},"categories":[3,15],"tags":[],"class_list":["post-153021","post","type-post","status-publish","format-standard","has-post-thumbnail","hentry","category-deportes","category-salud"],"_links":{"self":[{"href":"https:\/\/vinasfm.com\/noticias\/wp-json\/wp\/v2\/posts\/153021","targetHints":{"allow":["GET"]}}],"collection":[{"href":"https:\/\/vinasfm.com\/noticias\/wp-json\/wp\/v2\/posts"}],"about":[{"href":"https:\/\/vinasfm.com\/noticias\/wp-json\/wp\/v2\/types\/post"}],"author":[{"embeddable":true,"href":"https:\/\/vinasfm.com\/noticias\/wp-json\/wp\/v2\/users\/7"}],"replies":[{"embeddable":true,"href":"https:\/\/vinasfm.com\/noticias\/wp-json\/wp\/v2\/comments?post=153021"}],"version-history":[{"count":2,"href":"https:\/\/vinasfm.com\/noticias\/wp-json\/wp\/v2\/posts\/153021\/revisions"}],"predecessor-version":[{"id":153024,"href":"https:\/\/vinasfm.com\/noticias\/wp-json\/wp\/v2\/posts\/153021\/revisions\/153024"}],"wp:featuredmedia":[{"embeddable":true,"href":"https:\/\/vinasfm.com\/noticias\/wp-json\/wp\/v2\/media\/153023"}],"wp:attachment":[{"href":"https:\/\/vinasfm.com\/noticias\/wp-json\/wp\/v2\/media?parent=153021"}],"wp:term":[{"taxonomy":"category","embeddable":true,"href":"https:\/\/vinasfm.com\/noticias\/wp-json\/wp\/v2\/categories?post=153021"},{"taxonomy":"post_tag","embeddable":true,"href":"https:\/\/vinasfm.com\/noticias\/wp-json\/wp\/v2\/tags?post=153021"}],"curies":[{"name":"wp","href":"https:\/\/api.w.org\/{rel}","templated":true}]}}