{"id":153015,"date":"2025-09-17T11:54:35","date_gmt":"2025-09-17T14:54:35","guid":{"rendered":"https:\/\/vinasfm.com\/noticias\/?p=153015"},"modified":"2025-09-18T10:28:44","modified_gmt":"2025-09-18T13:28:44","slug":"continuan-las-actividades-en-la-pileta-climatizada-del-club-banco-nacion","status":"publish","type":"post","link":"https:\/\/vinasfm.com\/noticias\/continuan-las-actividades-en-la-pileta-climatizada-del-club-banco-nacion\/","title":{"rendered":"CONTIN\u00daAN LAS ACTIVIDADES EN LA PILETA CLIMATIZADA DEL CLUB BANCO NACI\u00d3N"},"content":{"rendered":"<h4><span style=\"color: #003300;\"><strong>El director de Deportes de General Alvear, Alberto G\u00f3mez, brind\u00f3 un balance positivo de las actividades que se desarrollan en la pileta climatizada del Club Anco, en el marco del convenio firmado con la Municipalidad.<\/strong><\/span><\/h4>\n<p>Seg\u00fan explic\u00f3 en di\u00e1logo con <strong><span style=\"color: #993366;\">FM VI\u00d1AS<\/span><\/strong>, se logr\u00f3 sostener una amplia oferta durante todo el invierno, algo que no era habitual en el departamento. <em><strong>\u201cEs muy importante porque en Alvear no estaba normalizado que la pileta pueda usarse todo el a\u00f1o. Las bajas temperaturas dificultaban sostener la actividad, pero gracias a este trabajo conjunto hoy podemos brindarle a la comunidad un servicio continuo\u201d<\/strong><\/em>, expres\u00f3 <strong><span style=\"color: #003366;\">G\u00f3mez.<\/span><\/strong><\/p>\n<p>Actualmente, la pileta ofrece <strong>actividades abiertas a la comunidad los lunes, mi\u00e9rcoles y viernes por la ma\u00f1ana<\/strong>, con propuestas como aquadim, gimnasia en el agua y nataci\u00f3n. Adem\u00e1s, los <strong>martes y jueves se reserva un espacio para los empleados municipales<\/strong>, tanto en la ma\u00f1ana como en la tarde, lo que representa una novedad.<\/p>\n<p><em><strong>\u201cQueremos que los trabajadores tambi\u00e9n puedan acceder a un espacio de salud, recreaci\u00f3n y socializaci\u00f3n. El deporte cumple un rol fundamental en la calidad de vida\u201d<\/strong><\/em>, se\u00f1al\u00f3 el funcionario.<\/p>\n<p><a href=\"https:\/\/vinasfm.com\/noticias\/wp-content\/uploads\/2025\/09\/IMG-20250917-WA0048.jpg\"><img loading=\"lazy\" decoding=\"async\" class=\"wp-image-153016 aligncenter\" src=\"https:\/\/vinasfm.com\/noticias\/wp-content\/uploads\/2025\/09\/IMG-20250917-WA0048-1024x576.jpg\" alt=\"\" width=\"600\" height=\"338\" srcset=\"https:\/\/vinasfm.com\/noticias\/wp-content\/uploads\/2025\/09\/IMG-20250917-WA0048-1024x576.jpg 1024w, https:\/\/vinasfm.com\/noticias\/wp-content\/uploads\/2025\/09\/IMG-20250917-WA0048-300x169.jpg 300w, https:\/\/vinasfm.com\/noticias\/wp-content\/uploads\/2025\/09\/IMG-20250917-WA0048-768x432.jpg 768w, https:\/\/vinasfm.com\/noticias\/wp-content\/uploads\/2025\/09\/IMG-20250917-WA0048-1140x641.jpg 1140w, https:\/\/vinasfm.com\/noticias\/wp-content\/uploads\/2025\/09\/IMG-20250917-WA0048.jpg 1280w\" sizes=\"auto, (max-width: 600px) 100vw, 600px\" \/><\/a><\/p>\n<h3>Convenio con el Instituto de Seguridad P\u00fablica<\/h3>\n<p>Otro de los aspectos destacados fue la firma de un convenio con el <strong>Instituto de Seguridad P\u00fablica<\/strong>, que permite a los cadetes realizar pr\u00e1cticas en la pileta.<\/p>\n<p><em><strong>\u201cQueremos brindarles no solo la actividad f\u00edsica, sino tambi\u00e9n nociones de nado y t\u00e9cnicas de rescate. Hace unos d\u00edas conocimos el caso de oficiales que arriesgaron su vida para salvar a un ni\u00f1o, y eso nos hizo ver la necesidad de preparar mejor a quienes cumplen funciones de seguridad\u201d<\/strong><\/em>, explic\u00f3 G\u00f3mez.<\/p>\n<p>La capacitaci\u00f3n busca ser una herramienta \u00fatil de cara a la temporada de verano, cuando muchas personas utilizan canales de riego para refrescarse, lo que aumenta el riesgo de accidentes.<\/p>\n<p>Con estas iniciativas, el municipio busca <strong>fortalecer la cultura del deporte acu\u00e1tico en General Alvear<\/strong>, ampliar los servicios a la comunidad y promover la seguridad a trav\u00e9s de la formaci\u00f3n en rescate.<\/p>\n","protected":false},"excerpt":{"rendered":"<p>El director de Deportes de General Alvear, Alberto G\u00f3mez, brind\u00f3 un balance positivo de las actividades que se desarrollan en la &#8230;<\/p>\n","protected":false},"author":7,"featured_media":153017,"comment_status":"open","ping_status":"open","sticky":false,"template":"","format":"standard","meta":{"footnotes":""},"categories":[3,10],"tags":[],"class_list":["post-153015","post","type-post","status-publish","format-standard","has-post-thumbnail","hentry","category-deportes","category-destacadas"],"_links":{"self":[{"href":"https:\/\/vinasfm.com\/noticias\/wp-json\/wp\/v2\/posts\/153015","targetHints":{"allow":["GET"]}}],"collection":[{"href":"https:\/\/vinasfm.com\/noticias\/wp-json\/wp\/v2\/posts"}],"about":[{"href":"https:\/\/vinasfm.com\/noticias\/wp-json\/wp\/v2\/types\/post"}],"author":[{"embeddable":true,"href":"https:\/\/vinasfm.com\/noticias\/wp-json\/wp\/v2\/users\/7"}],"replies":[{"embeddable":true,"href":"https:\/\/vinasfm.com\/noticias\/wp-json\/wp\/v2\/comments?post=153015"}],"version-history":[{"count":2,"href":"https:\/\/vinasfm.com\/noticias\/wp-json\/wp\/v2\/posts\/153015\/revisions"}],"predecessor-version":[{"id":153019,"href":"https:\/\/vinasfm.com\/noticias\/wp-json\/wp\/v2\/posts\/153015\/revisions\/153019"}],"wp:featuredmedia":[{"embeddable":true,"href":"https:\/\/vinasfm.com\/noticias\/wp-json\/wp\/v2\/media\/153017"}],"wp:attachment":[{"href":"https:\/\/vinasfm.com\/noticias\/wp-json\/wp\/v2\/media?parent=153015"}],"wp:term":[{"taxonomy":"category","embeddable":true,"href":"https:\/\/vinasfm.com\/noticias\/wp-json\/wp\/v2\/categories?post=153015"},{"taxonomy":"post_tag","embeddable":true,"href":"https:\/\/vinasfm.com\/noticias\/wp-json\/wp\/v2\/tags?post=153015"}],"curies":[{"name":"wp","href":"https:\/\/api.w.org\/{rel}","templated":true}]}}