{"id":153005,"date":"2025-09-17T09:54:02","date_gmt":"2025-09-17T12:54:02","guid":{"rendered":"https:\/\/vinasfm.com\/noticias\/?p=153005"},"modified":"2025-09-18T08:41:24","modified_gmt":"2025-09-18T11:41:24","slug":"alvear-se-viste-de-fiesta-con-la-primera-fiesta-de-la-cerveza-del-sur-mendocino","status":"publish","type":"post","link":"https:\/\/vinasfm.com\/noticias\/alvear-se-viste-de-fiesta-con-la-primera-fiesta-de-la-cerveza-del-sur-mendocino\/","title":{"rendered":"ALVEAR SE VISTE DE FIESTA CON LA PRIMERA FIESTA DE LA CERVEZA DEL SUR MENDOCINO"},"content":{"rendered":"<h5><strong><span style=\"color: #003300;\">El pr\u00f3ximo 27 de septiembre, el Predio Ferial de General Alvear ser\u00e1 el epicentro de la primera edici\u00f3n de la Fiesta de la Cerveza del Sur Mendocino, un evento que promete convertirse en un cl\u00e1sico de la regi\u00f3n. <\/span><\/strong><\/h5>\n<p>Con <strong>diez horas ininterrumpidas de m\u00fasica<\/strong>, m\u00e1s de <strong>tres escenarios<\/strong> y una grilla que combina grandes nombres de la escena nacional con el talento de artistas locales, la propuesta busca atraer a familias, j\u00f3venes y turistas de toda la regi\u00f3n.<\/p>\n<p>En di\u00e1logo con <strong><span style=\"color: #993366;\">FM VI\u00d1AS<\/span><\/strong>, la <em>Virreina Nacional de la Vendimia,<\/em><span style=\"color: #003366;\"> <strong>Sof\u00eda Perfumo<\/strong><\/span>, destac\u00f3 el valor que esta celebraci\u00f3n tendr\u00e1 para el departamento: <strong><em>\u201cEs una gran fiesta que llega para quedarse. Estamos muy contentos de poder mostrar lo mejor de General Alvear y de Mendoza. Ya se percibe el entusiasmo de la gente y creemos que ser\u00e1 la primera de muchas ediciones\u201d<\/em><\/strong>, expres\u00f3.<\/p>\n<p>Por su parte, el m\u00fasico <span style=\"color: #003366;\"><strong>Juanpi Ca\u00f1ada<\/strong><\/span>, quien subir\u00e1 al escenario junto a otras bandas locales, celebr\u00f3 el espacio que se abre para los artistas de la zona:<strong><em> \u201cEs una oportunidad enorme para darnos a conocer. Somos m\u00fasicos que venimos trabajando hace a\u00f1os y este tipo de eventos son un premio al esfuerzo. Adem\u00e1s, compartir cartel con artistas tan importantes es un orgullo para todos nosotros\u201d<\/em><\/strong>, se\u00f1al\u00f3.<\/p>\n<h3>Una grilla de lujo<\/h3>\n<p>Entre los artistas confirmados figuran <strong>Guasones, El Plan de la Mariposa, Estelares, Natalie P\u00e9rez, Los Tipitos, Gauchito Club y Los Caligaris<\/strong>, quienes volver\u00e1n a Alvear despu\u00e9s de varios a\u00f1os. A ellos se sumar\u00e1n m\u00e1s de <strong>diez bandas locales<\/strong>, entre ellas Kratevas, Texturizados, Rock and Beer y el propio Ca\u00f1ada.<\/p>\n<p>La fiesta contar\u00e1 con <a href=\"https:\/\/www.instagram.com\/p\/DOHnQankXC5\/\"><strong>tres escenarios tem\u00e1ticos<\/strong><\/a>: <em>Andes Origen, R\u00edo Atuel y Tierra de Oportunidades<\/em>, lo que permitir\u00e1 una experiencia diversa y continua durante toda la jornada.<\/p>\n<h3><img loading=\"lazy\" decoding=\"async\" class=\"aligncenter\" src=\"https:\/\/scontent.fmdz10-1.fna.fbcdn.net\/v\/t39.30808-6\/500479250_1098598092301140_1391710895675633571_n.jpg?_nc_cat=105&amp;ccb=1-7&amp;_nc_sid=127cfc&amp;_nc_ohc=siq4xoTGioIQ7kNvwE7btsB&amp;_nc_oc=AdnZiCSJOrSEn9a-DTD1ziQOjQeCaghUAd3jKe30UA9zXoyvgnSLBYFJ3ZNJ-V3Cnok&amp;_nc_zt=23&amp;_nc_ht=scontent.fmdz10-1.fna&amp;_nc_gid=87tOdUkbUh8twOQaus0UHg&amp;oh=00_Afb_Kj9Ps2zcd-hgPNPW2L1jQ_L2AwFNN1GPVxH1m9MpLQ&amp;oe=68D07B47\" alt=\"No hay ninguna descripci\u00f3n de la foto disponible.\" width=\"459\" height=\"459\" \/><\/h3>\n<p>La propuesta no se limita a la m\u00fasica: habr\u00e1 un importante espacio gastron\u00f3mico con <strong>food trucks y cervezas artesanales<\/strong>, juegos infantiles, zonas de relax con sillones y un ambiente pensado para que puedan disfrutar todas las edades. Los <strong>ni\u00f1os hasta 8 a\u00f1os tendr\u00e1n entrada gratuita<\/strong> presentando DNI.<\/p>\n<p>Perfumo remarc\u00f3: <em><strong>\u201cQueremos que sea una fiesta inclusiva, que puedan venir familias enteras a disfrutar de la m\u00fasica, la gastronom\u00eda y un d\u00eda distinto en General Alvear\u201d.<\/strong><\/em><\/p>\n<h3>Entradas y accesos<\/h3>\n<p>Las entradas tienen un valor de <strong>$35.000 en puntos de venta f\u00edsicos<\/strong> (Teatro Antonio Lafalla e Informador Tur\u00edstico, en kil\u00f3metro cero de la ciudad) y <strong>$40.000 a trav\u00e9s de Ticketek<\/strong>. Desde la organizaci\u00f3n informaron que ya se vendieron una gran cantidad de anticipadas y se espera p\u00fablico no solo de Mendoza, sino tambi\u00e9n de <strong>San Luis y San Juan<\/strong>, con colectivos que llegar\u00e1n especialmente para la ocasi\u00f3n.<\/p>\n<p>El evento ya genera gran expectativa. Tanto Perfumo como Ca\u00f1ada coincidieron en que esta fiesta representa una oportunidad para <strong>posicionar a General Alvear como polo cultural y tur\u00edstico del sur mendocino<\/strong>.<\/p>\n","protected":false},"excerpt":{"rendered":"<p>El pr\u00f3ximo 27 de septiembre, el Predio Ferial de General Alvear ser\u00e1 el epicentro de la primera edici\u00f3n de la Fiesta &#8230;<\/p>\n","protected":false},"author":7,"featured_media":153008,"comment_status":"open","ping_status":"open","sticky":false,"template":"","format":"standard","meta":{"footnotes":""},"categories":[10,78],"tags":[],"class_list":["post-153005","post","type-post","status-publish","format-standard","has-post-thumbnail","hentry","category-destacadas","category-municipalidad"],"_links":{"self":[{"href":"https:\/\/vinasfm.com\/noticias\/wp-json\/wp\/v2\/posts\/153005","targetHints":{"allow":["GET"]}}],"collection":[{"href":"https:\/\/vinasfm.com\/noticias\/wp-json\/wp\/v2\/posts"}],"about":[{"href":"https:\/\/vinasfm.com\/noticias\/wp-json\/wp\/v2\/types\/post"}],"author":[{"embeddable":true,"href":"https:\/\/vinasfm.com\/noticias\/wp-json\/wp\/v2\/users\/7"}],"replies":[{"embeddable":true,"href":"https:\/\/vinasfm.com\/noticias\/wp-json\/wp\/v2\/comments?post=153005"}],"version-history":[{"count":1,"href":"https:\/\/vinasfm.com\/noticias\/wp-json\/wp\/v2\/posts\/153005\/revisions"}],"predecessor-version":[{"id":153006,"href":"https:\/\/vinasfm.com\/noticias\/wp-json\/wp\/v2\/posts\/153005\/revisions\/153006"}],"wp:featuredmedia":[{"embeddable":true,"href":"https:\/\/vinasfm.com\/noticias\/wp-json\/wp\/v2\/media\/153008"}],"wp:attachment":[{"href":"https:\/\/vinasfm.com\/noticias\/wp-json\/wp\/v2\/media?parent=153005"}],"wp:term":[{"taxonomy":"category","embeddable":true,"href":"https:\/\/vinasfm.com\/noticias\/wp-json\/wp\/v2\/categories?post=153005"},{"taxonomy":"post_tag","embeddable":true,"href":"https:\/\/vinasfm.com\/noticias\/wp-json\/wp\/v2\/tags?post=153005"}],"curies":[{"name":"wp","href":"https:\/\/api.w.org\/{rel}","templated":true}]}}