{"id":152901,"date":"2025-09-13T10:26:30","date_gmt":"2025-09-13T13:26:30","guid":{"rendered":"https:\/\/vinasfm.com\/noticias\/?p=152901"},"modified":"2025-09-15T10:04:44","modified_gmt":"2025-09-15T13:04:44","slug":"emotivo-acto-por-el-dia-del-maestro-en-la-escuela-n70-capital-federal","status":"publish","type":"post","link":"https:\/\/vinasfm.com\/noticias\/emotivo-acto-por-el-dia-del-maestro-en-la-escuela-n70-capital-federal\/","title":{"rendered":"EMOTIVO ACTO POR EL D\u00cdA DEL MAESTRO EN LA ESCUELA N\u00b070 CAPITAL FEDERAL"},"content":{"rendered":"<h4><span style=\"color: #003300;\"><strong>El intendente Alejandro Molero encabez\u00f3 el acto del D\u00eda del Maestro en la Escuela N\u00b070 Capital Federal, instituci\u00f3n donde curs\u00f3 sus estudios primarios. <\/strong><\/span><\/h4>\n<p>La jornada tuvo un momento muy especial cuando el jefe comunal invit\u00f3 a participar a su primera maestra de 1\u00b0 grado, Helena, a quien fue a buscar personalmente para compartir este homenaje.<\/p>\n<p>En su discurso, <strong>Molero destac\u00f3 la importancia de los docentes y de la educaci\u00f3n p\u00fablica y gratuita en la vida de cada persona y record\u00f3 con emoci\u00f3n sus a\u00f1os como alumno en la instituci\u00f3n.<\/strong> Adem\u00e1s, el intendente anunci\u00f3 una obra muy esperada por la comunidad educativa: la construcci\u00f3n del nuevo play\u00f3n deportivo de la escuela, cuyos trabajos comenzar\u00e1n en los pr\u00f3ximos 15 d\u00edas.<\/p>\n","protected":false},"excerpt":{"rendered":"<p>El intendente Alejandro Molero encabez\u00f3 el acto del D\u00eda del Maestro en la Escuela N\u00b070 Capital Federal, instituci\u00f3n donde curs\u00f3 sus &#8230;<\/p>\n","protected":false},"author":7,"featured_media":152902,"comment_status":"open","ping_status":"open","sticky":false,"template":"","format":"standard","meta":{"footnotes":""},"categories":[18,11],"tags":[],"class_list":["post-152901","post","type-post","status-publish","format-standard","has-post-thumbnail","hentry","category-educacion","category-sociales"],"_links":{"self":[{"href":"https:\/\/vinasfm.com\/noticias\/wp-json\/wp\/v2\/posts\/152901","targetHints":{"allow":["GET"]}}],"collection":[{"href":"https:\/\/vinasfm.com\/noticias\/wp-json\/wp\/v2\/posts"}],"about":[{"href":"https:\/\/vinasfm.com\/noticias\/wp-json\/wp\/v2\/types\/post"}],"author":[{"embeddable":true,"href":"https:\/\/vinasfm.com\/noticias\/wp-json\/wp\/v2\/users\/7"}],"replies":[{"embeddable":true,"href":"https:\/\/vinasfm.com\/noticias\/wp-json\/wp\/v2\/comments?post=152901"}],"version-history":[{"count":2,"href":"https:\/\/vinasfm.com\/noticias\/wp-json\/wp\/v2\/posts\/152901\/revisions"}],"predecessor-version":[{"id":152904,"href":"https:\/\/vinasfm.com\/noticias\/wp-json\/wp\/v2\/posts\/152901\/revisions\/152904"}],"wp:featuredmedia":[{"embeddable":true,"href":"https:\/\/vinasfm.com\/noticias\/wp-json\/wp\/v2\/media\/152902"}],"wp:attachment":[{"href":"https:\/\/vinasfm.com\/noticias\/wp-json\/wp\/v2\/media?parent=152901"}],"wp:term":[{"taxonomy":"category","embeddable":true,"href":"https:\/\/vinasfm.com\/noticias\/wp-json\/wp\/v2\/categories?post=152901"},{"taxonomy":"post_tag","embeddable":true,"href":"https:\/\/vinasfm.com\/noticias\/wp-json\/wp\/v2\/tags?post=152901"}],"curies":[{"name":"wp","href":"https:\/\/api.w.org\/{rel}","templated":true}]}}