{"id":152850,"date":"2025-09-11T12:00:30","date_gmt":"2025-09-11T15:00:30","guid":{"rendered":"https:\/\/vinasfm.com\/noticias\/?p=152850"},"modified":"2025-09-12T08:46:53","modified_gmt":"2025-09-12T11:46:53","slug":"molero-se-reunio-con-vargas-arizu-para-discutir-la-continuidad-de-la-lucha-antigranizo","status":"publish","type":"post","link":"https:\/\/vinasfm.com\/noticias\/molero-se-reunio-con-vargas-arizu-para-discutir-la-continuidad-de-la-lucha-antigranizo\/","title":{"rendered":"MOLERO SE REUNI\u00d3 CON VARGAS ARIZU PARA DISCUTIR LA CONTINUIDAD DE LA LUCHA ANTIGRANIZO"},"content":{"rendered":"<h4><strong><span style=\"color: #003300;\">En la ma\u00f1ana del jueves, el intendente de General Alvear, Alejandro Molero, mantuvo una reuni\u00f3n con el ministro de la Producci\u00f3n de Mendoza, Rodolfo Vargas Arizu, donde uno de los ejes centrales fue la continuidad de la Lucha Antigranizo y la aplicaci\u00f3n del Fondo Compensador Agr\u00edcola.<\/span><\/strong><\/h4>\n<p>Durante el encuentro, <span style=\"color: #003366;\"><strong>Vargas Arizu<\/strong> <\/span>remarc\u00f3 que el gobierno provincial ha destinado recursos considerables al sector productivo: <strong><em>\u201cEl a\u00f1o pasado pagamos alrededor de 7.300 millones de pesos. De ese total, 5.300 millones fueron para el sur de la provincia, principalmente San Rafael y General Alvear. En el resto de la provincia se distribuyeron unos 2.000 millones. Estos fondos van directamente al productor, no a estamentos intermedios, porque creemos que es lo m\u00e1s eficiente\u201d<\/em><\/strong>, se\u00f1al\u00f3 el ministro.<\/p>\n<p>Respecto a la lucha activa contra el granizo, el funcionario provincial fue contundente: <strong><em>\u201csabemos que no es eficiente porque siempre cae granizo, con o sin lucha. Sin embargo, quienes quieran implementarla, contar\u00e1n con el respaldo t\u00e9cnico: aviones, radares, bengalas remanentes del a\u00f1o pasado. Lo que no vamos a hacer es financiar el sistema, porque toda la inversi\u00f3n est\u00e1 dirigida al Fondo Compensador Agr\u00edcola\u201d.<\/em><\/strong><\/p>\n<p>En este sentido, explic\u00f3 que el equipamiento disponible representa<strong><em> \u201cm\u00e1s del 70% del valor de una lucha antigranizo activa, aunque imperfecta\u201d<\/em><\/strong>, y que la decisi\u00f3n final depende de los municipios y productores.<\/p>\n<p>Por su parte, el intendente Alejandro Molero valor\u00f3 el di\u00e1logo y destac\u00f3 la importancia de mantener herramientas que fortalezcan al sector productivo del sur provincial.<\/p>\n<p>Finalmente, Vargas Arizu concluy\u00f3 que ambos sistemas pueden coexistir: <strong><em>\u201cEl gobierno provincial ha decidido apostar al Fondo Compensador, pero aquellos departamentos que quieran sostener la lucha antigranizo podr\u00e1n hacerlo con el apoyo log\u00edstico de la provincia\u201d.<\/em><\/strong><\/p>\n","protected":false},"excerpt":{"rendered":"<p>En la ma\u00f1ana del jueves, el intendente de General Alvear, Alejandro Molero, mantuvo una reuni\u00f3n con el ministro de la Producci\u00f3n &#8230;<\/p>\n","protected":false},"author":7,"featured_media":152851,"comment_status":"open","ping_status":"open","sticky":false,"template":"","format":"standard","meta":{"footnotes":""},"categories":[1],"tags":[],"class_list":["post-152850","post","type-post","status-publish","format-standard","has-post-thumbnail","hentry","category-fmvinas"],"_links":{"self":[{"href":"https:\/\/vinasfm.com\/noticias\/wp-json\/wp\/v2\/posts\/152850","targetHints":{"allow":["GET"]}}],"collection":[{"href":"https:\/\/vinasfm.com\/noticias\/wp-json\/wp\/v2\/posts"}],"about":[{"href":"https:\/\/vinasfm.com\/noticias\/wp-json\/wp\/v2\/types\/post"}],"author":[{"embeddable":true,"href":"https:\/\/vinasfm.com\/noticias\/wp-json\/wp\/v2\/users\/7"}],"replies":[{"embeddable":true,"href":"https:\/\/vinasfm.com\/noticias\/wp-json\/wp\/v2\/comments?post=152850"}],"version-history":[{"count":3,"href":"https:\/\/vinasfm.com\/noticias\/wp-json\/wp\/v2\/posts\/152850\/revisions"}],"predecessor-version":[{"id":152861,"href":"https:\/\/vinasfm.com\/noticias\/wp-json\/wp\/v2\/posts\/152850\/revisions\/152861"}],"wp:featuredmedia":[{"embeddable":true,"href":"https:\/\/vinasfm.com\/noticias\/wp-json\/wp\/v2\/media\/152851"}],"wp:attachment":[{"href":"https:\/\/vinasfm.com\/noticias\/wp-json\/wp\/v2\/media?parent=152850"}],"wp:term":[{"taxonomy":"category","embeddable":true,"href":"https:\/\/vinasfm.com\/noticias\/wp-json\/wp\/v2\/categories?post=152850"},{"taxonomy":"post_tag","embeddable":true,"href":"https:\/\/vinasfm.com\/noticias\/wp-json\/wp\/v2\/tags?post=152850"}],"curies":[{"name":"wp","href":"https:\/\/api.w.org\/{rel}","templated":true}]}}