{"id":152846,"date":"2025-09-11T11:39:37","date_gmt":"2025-09-11T14:39:37","guid":{"rendered":"https:\/\/vinasfm.com\/noticias\/?p=152846"},"modified":"2025-09-12T09:55:03","modified_gmt":"2025-09-12T12:55:03","slug":"jaime-prats-celebra-sus-112-anos-con-festejos-y-un-fuerte-sentido-de-comunidad","status":"publish","type":"post","link":"https:\/\/vinasfm.com\/noticias\/jaime-prats-celebra-sus-112-anos-con-festejos-y-un-fuerte-sentido-de-comunidad\/","title":{"rendered":"JAIME PRATS CELEBRA SUS 112 A\u00d1OS CON FESTEJOS Y UN FUERTE SENTIDO DE COMUNIDAD"},"content":{"rendered":"<h4><strong>El distrito de Jaime Prats celebra este s\u00e1bado 13 de septiembre su 112\u00ba aniversario, en coincidencia con la llegada del ferrocarril que marc\u00f3 un antes y un despu\u00e9s en la historia de la regi\u00f3n.<\/strong><\/h4>\n<p>Los festejos comenzar\u00e1n a las 10:30 hs con el <span style=\"color: #993366;\"><strong data-start=\"428\" data-end=\"447\">acto protocolar<\/strong><\/span> y un<span style=\"color: #993366;\"> <strong data-start=\"453\" data-end=\"478\">desfile institucional<\/strong><\/span> del que participar\u00e1n escuelas, fuerzas de seguridad y centros tradicionalistas.<\/p>\n<p><strong><span style=\"color: #993366;\">Jorge Mart\u00ednez<\/span><\/strong>, delegado del distrito, dio detalles de todas las actividades que se llevaran adelante: <strong><em>&#8216;en horas de la tarde, desde las<\/em> 19:30, el polideportivo de Jaime Prats ser\u00e1 escenario de una gran pe\u00f1a folcl\u00f3rica, con la participaci\u00f3n de academias de danza del distrito y localidades vecinas como Real del Padre y Villa Atuel&#8217;<\/strong>.<\/p>\n<p>Adem\u00e1s de las actividades destinadas al aniversario, Jorge habl\u00f3 sobre las obras y proyectos del distrito: <strong><em>&#8216;se est\u00e1n colocando<\/em> 90 luminarias LED en la avenida principal y en el polideportivo el cual contar\u00e1 con un nuevo set de juegos para los m\u00e1s chicos&#8217;<\/strong>.<\/p>\n<p>&#8216;<strong><em>Entre los desaf\u00edos pendientes, se destaca la necesidad de avanzar en el<\/em> asfaltado de calles y en la reparaci\u00f3n de la Ruta 200 y 202, muy transitadas por vecinos y productores de la regi\u00f3n&#8217;<\/strong>.<\/p>\n<p>En materia educativa, funcionan la <span style=\"color: #993366;\"><strong data-start=\"1913\" data-end=\"1941\">Escuela Tierra del Fuego<\/strong><\/span>, el secundario <span style=\"color: #993366;\"><strong data-start=\"1957\" data-end=\"1981\">Juan Miguel Escudero<\/strong><\/span>, el <strong>CENS<\/strong> y varias escuelas rurales de la zonA.\u00a0Todas ellas, pese a la dispersi\u00f3n geogr\u00e1fica de la poblaci\u00f3n, se suman a las actividades comunitarias y estar\u00e1n presentes en los festejos.<\/p>\n","protected":false},"excerpt":{"rendered":"<p>El distrito de Jaime Prats celebra este s\u00e1bado 13 de septiembre su 112\u00ba aniversario, en coincidencia con la llegada del ferrocarril &#8230;<\/p>\n","protected":false},"author":7,"featured_media":152847,"comment_status":"open","ping_status":"open","sticky":false,"template":"","format":"standard","meta":{"footnotes":""},"categories":[10,11],"tags":[],"class_list":["post-152846","post","type-post","status-publish","format-standard","has-post-thumbnail","hentry","category-destacadas","category-sociales"],"_links":{"self":[{"href":"https:\/\/vinasfm.com\/noticias\/wp-json\/wp\/v2\/posts\/152846","targetHints":{"allow":["GET"]}}],"collection":[{"href":"https:\/\/vinasfm.com\/noticias\/wp-json\/wp\/v2\/posts"}],"about":[{"href":"https:\/\/vinasfm.com\/noticias\/wp-json\/wp\/v2\/types\/post"}],"author":[{"embeddable":true,"href":"https:\/\/vinasfm.com\/noticias\/wp-json\/wp\/v2\/users\/7"}],"replies":[{"embeddable":true,"href":"https:\/\/vinasfm.com\/noticias\/wp-json\/wp\/v2\/comments?post=152846"}],"version-history":[{"count":1,"href":"https:\/\/vinasfm.com\/noticias\/wp-json\/wp\/v2\/posts\/152846\/revisions"}],"predecessor-version":[{"id":152848,"href":"https:\/\/vinasfm.com\/noticias\/wp-json\/wp\/v2\/posts\/152846\/revisions\/152848"}],"wp:featuredmedia":[{"embeddable":true,"href":"https:\/\/vinasfm.com\/noticias\/wp-json\/wp\/v2\/media\/152847"}],"wp:attachment":[{"href":"https:\/\/vinasfm.com\/noticias\/wp-json\/wp\/v2\/media?parent=152846"}],"wp:term":[{"taxonomy":"category","embeddable":true,"href":"https:\/\/vinasfm.com\/noticias\/wp-json\/wp\/v2\/categories?post=152846"},{"taxonomy":"post_tag","embeddable":true,"href":"https:\/\/vinasfm.com\/noticias\/wp-json\/wp\/v2\/tags?post=152846"}],"curies":[{"name":"wp","href":"https:\/\/api.w.org\/{rel}","templated":true}]}}