{"id":152843,"date":"2025-09-11T11:41:41","date_gmt":"2025-09-11T14:41:41","guid":{"rendered":"https:\/\/vinasfm.com\/noticias\/?p=152843"},"modified":"2025-09-12T10:31:02","modified_gmt":"2025-09-12T13:31:02","slug":"productores-advierten-sobre-la-incertidumbre-en-la-continuidad-de-la-lucha-antigranizo","status":"publish","type":"post","link":"https:\/\/vinasfm.com\/noticias\/productores-advierten-sobre-la-incertidumbre-en-la-continuidad-de-la-lucha-antigranizo\/","title":{"rendered":"PRODUCTORES ADVIERTEN SOBRE LA INCERTIDUMBRE EN LA CONTINUIDAD DE LA LUCHA ANTIGRANIZO"},"content":{"rendered":"<h4><span style=\"color: #003300;\"><strong>El productor local Roberto Nesteruk expuso en el Honorable Concejo Deliberante sobre la importancia de garantizar la continuidad del sistema de Lucha Antigranizo, frente a la incertidumbre generada por la falta de definiciones oficiales a menos de veinte d\u00edas del inicio de la temporada.<\/strong><\/span><\/h4>\n<p>En di\u00e1logo con <span style=\"color: #993366;\"><strong>FM VI\u00d1AS<\/strong><\/span>, <strong><span style=\"color: #003366;\">Nesteruk<\/span> <\/strong>explic\u00f3 que\u00a0<strong><em> \u201cel prop\u00f3sito es tratar de lograr el sostenimiento de la lucha. Todos sabemos el problema que tiene el Sur. Venimos de 20 a\u00f1os de un sistema manejado por el Gobierno Provincial y, de un momento para otro, se toma la decisi\u00f3n pol\u00edtica de retirarlo\u201d<\/em><\/strong>. En ese sentido se\u00f1al\u00f3 que<em><strong> \u201cel intendente tuvo que salir de forma apresurada a hacerse cargo a trav\u00e9s de una contrataci\u00f3n privada. El sistema debe existir s\u00ed o s\u00ed, porque el peque\u00f1o y mediano productor no tiene otra opci\u00f3n de cobertura, m\u00e1s a\u00fan con el cambio clim\u00e1tico que enfrentamos\u201d.<\/strong><\/em><\/p>\n<p>El productor record\u00f3 lo ocurrido con la fuerte tormenta en Real del Padre a inicios del 2025, donde la intervenci\u00f3n del sistema evit\u00f3 mayores da\u00f1os: <strong><em>\u201cImag\u00ednense lo que hubiera sido si esa tormenta no hubiera sido tratada. De todas maneras, hubo fallas, y esas fallas deber\u00edan haberse analizado en su momento\u201d. <\/em><\/strong>A pesar de ello, expres\u00f3 su preocupaci\u00f3n por la falta de acciones concretas: <em><strong>\u201c<\/strong><strong>El 1 de octubre deber\u00eda ponerse en marcha la lucha antigranizo y no se ve ning\u00fan movimiento. Solo contamos con expresiones del gobernador que apuntan a no sostener el sistema desde la provincia\u201d.<\/strong><\/em><\/p>\n<p>En relaci\u00f3n a las alternativas de protecci\u00f3n, como el seguro agr\u00edcola o la colocaci\u00f3n de mallas antigranizo, Nesteruk fue contundente <strong><em>\u201cel costo de una hect\u00e1rea con malla y riego ronda los 32.000 d\u00f3lares, algo imposible de afrontar con los precios actuales de la producci\u00f3n. Adem\u00e1s, la malla sin lucha antigranizo no tiene sentido. La protecci\u00f3n es contra granizo, no contra piedra, y los fen\u00f3menos que se vienen son cada vez m\u00e1s extremos. Hablamos de da\u00f1os no solo a la producci\u00f3n, sino tambi\u00e9n a viviendas e incluso a turistas que circulen por la zona. El impacto econ\u00f3mico, social y pol\u00edtico ser\u00eda muy grande\u201d.<\/em><\/strong><\/p>\n<p>Con estas declaraciones, el productor llam\u00f3 a las autoridades a definir de manera urgente el sostenimiento del sistema, al que considera vital para la supervivencia de la agricultura local.<\/p>\n<p>&nbsp;<\/p>\n","protected":false},"excerpt":{"rendered":"<p>El productor local Roberto Nesteruk expuso en el Honorable Concejo Deliberante sobre la importancia de garantizar la continuidad del sistema de &#8230;<\/p>\n","protected":false},"author":7,"featured_media":152849,"comment_status":"open","ping_status":"open","sticky":false,"template":"","format":"standard","meta":{"footnotes":""},"categories":[26,197],"tags":[],"class_list":["post-152843","post","type-post","status-publish","format-standard","has-post-thumbnail","hentry","category-hcd","category-lucha-antigranizo"],"_links":{"self":[{"href":"https:\/\/vinasfm.com\/noticias\/wp-json\/wp\/v2\/posts\/152843","targetHints":{"allow":["GET"]}}],"collection":[{"href":"https:\/\/vinasfm.com\/noticias\/wp-json\/wp\/v2\/posts"}],"about":[{"href":"https:\/\/vinasfm.com\/noticias\/wp-json\/wp\/v2\/types\/post"}],"author":[{"embeddable":true,"href":"https:\/\/vinasfm.com\/noticias\/wp-json\/wp\/v2\/users\/7"}],"replies":[{"embeddable":true,"href":"https:\/\/vinasfm.com\/noticias\/wp-json\/wp\/v2\/comments?post=152843"}],"version-history":[{"count":2,"href":"https:\/\/vinasfm.com\/noticias\/wp-json\/wp\/v2\/posts\/152843\/revisions"}],"predecessor-version":[{"id":152845,"href":"https:\/\/vinasfm.com\/noticias\/wp-json\/wp\/v2\/posts\/152843\/revisions\/152845"}],"wp:featuredmedia":[{"embeddable":true,"href":"https:\/\/vinasfm.com\/noticias\/wp-json\/wp\/v2\/media\/152849"}],"wp:attachment":[{"href":"https:\/\/vinasfm.com\/noticias\/wp-json\/wp\/v2\/media?parent=152843"}],"wp:term":[{"taxonomy":"category","embeddable":true,"href":"https:\/\/vinasfm.com\/noticias\/wp-json\/wp\/v2\/categories?post=152843"},{"taxonomy":"post_tag","embeddable":true,"href":"https:\/\/vinasfm.com\/noticias\/wp-json\/wp\/v2\/tags?post=152843"}],"curies":[{"name":"wp","href":"https:\/\/api.w.org\/{rel}","templated":true}]}}