{"id":152834,"date":"2025-09-10T12:14:24","date_gmt":"2025-09-10T15:14:24","guid":{"rendered":"https:\/\/vinasfm.com\/noticias\/?p=152834"},"modified":"2025-09-11T10:18:17","modified_gmt":"2025-09-11T13:18:17","slug":"el-municipio-celebro-el-dia-del-maestro-con-un-emotivo-acto","status":"publish","type":"post","link":"https:\/\/vinasfm.com\/noticias\/el-municipio-celebro-el-dia-del-maestro-con-un-emotivo-acto\/","title":{"rendered":"EL MUNICIPIO CELEBR\u00d3 EL \u00abD\u00cdA DEL MAESTRO\u00bb CON UN EMOTIVO ACTO"},"content":{"rendered":"<h4><span style=\"color: #003300;\"><strong>En la Escuela N\u00ba 1-211 \u201cCarlos Mar\u00eda de Alvear\u201d se realiz\u00f3 el acto oficial por el D\u00eda del Maestro, con la presencia de autoridades, docentes, alumnos y familias que acompa\u00f1aron este homenaje a la labor docente.<\/strong><\/span><\/h4>\n<p>El<em> director de Educaci\u00f3n<\/em>, <span style=\"color: #003366;\"><strong>Jos\u00e9 Mor\u00e1n<\/strong><\/span>, destac\u00f3 la importancia de la fecha:<strong><em> \u00abes un d\u00eda muy importante para cada uno de los docentes del departamento, que sabemos del esfuerzo, el compromiso y la dedicaci\u00f3n que ponen en cada aula\u00bb.<br \/>\n<\/em><\/strong><br \/>\nPor su parte, la docente <span style=\"color: #003366;\"><strong>Silvia Crespillo<\/strong><\/span> resalt\u00f3 el valor de la vocaci\u00f3n: <strong><em>\u00abdar clases y compartir con los ni\u00f1os es una carrera muy bella. Ser maestro no es solo ense\u00f1ar, muchas veces tambi\u00e9n es escuchar y acompa\u00f1ar\u00bb.<\/em><\/strong><\/p>\n<p>En su discurso, la directora <span style=\"color: #003366;\"><strong>Mar\u00eda de Lourdes Rodr\u00edguez<\/strong> <\/span>subray\u00f3 el rol social de los maestros: <strong><em>\u00ablos docentes no solo transmiten conocimientos, tambi\u00e9n orientan, acompa\u00f1an y abren caminos de esperanza, incluso en medio de las dificultades\u00bb.<br \/>\n<\/em><\/strong><br \/>\nLa celebraci\u00f3n concluy\u00f3 con un c\u00e1lido homenaje a los docentes, valorando la vocaci\u00f3n, la dedicaci\u00f3n y el compromiso que dejan huellas imborrables en generaciones de alumnos y que siguen construyendo futuro desde las aulas de General Alvear.<\/p>\n","protected":false},"excerpt":{"rendered":"<p>En la Escuela N\u00ba 1-211 \u201cCarlos Mar\u00eda de Alvear\u201d se realiz\u00f3 el acto oficial por el D\u00eda del Maestro, con la &#8230;<\/p>\n","protected":false},"author":7,"featured_media":152835,"comment_status":"open","ping_status":"open","sticky":false,"template":"","format":"standard","meta":{"footnotes":""},"categories":[10,18],"tags":[],"class_list":["post-152834","post","type-post","status-publish","format-standard","has-post-thumbnail","hentry","category-destacadas","category-educacion"],"_links":{"self":[{"href":"https:\/\/vinasfm.com\/noticias\/wp-json\/wp\/v2\/posts\/152834","targetHints":{"allow":["GET"]}}],"collection":[{"href":"https:\/\/vinasfm.com\/noticias\/wp-json\/wp\/v2\/posts"}],"about":[{"href":"https:\/\/vinasfm.com\/noticias\/wp-json\/wp\/v2\/types\/post"}],"author":[{"embeddable":true,"href":"https:\/\/vinasfm.com\/noticias\/wp-json\/wp\/v2\/users\/7"}],"replies":[{"embeddable":true,"href":"https:\/\/vinasfm.com\/noticias\/wp-json\/wp\/v2\/comments?post=152834"}],"version-history":[{"count":1,"href":"https:\/\/vinasfm.com\/noticias\/wp-json\/wp\/v2\/posts\/152834\/revisions"}],"predecessor-version":[{"id":152836,"href":"https:\/\/vinasfm.com\/noticias\/wp-json\/wp\/v2\/posts\/152834\/revisions\/152836"}],"wp:featuredmedia":[{"embeddable":true,"href":"https:\/\/vinasfm.com\/noticias\/wp-json\/wp\/v2\/media\/152835"}],"wp:attachment":[{"href":"https:\/\/vinasfm.com\/noticias\/wp-json\/wp\/v2\/media?parent=152834"}],"wp:term":[{"taxonomy":"category","embeddable":true,"href":"https:\/\/vinasfm.com\/noticias\/wp-json\/wp\/v2\/categories?post=152834"},{"taxonomy":"post_tag","embeddable":true,"href":"https:\/\/vinasfm.com\/noticias\/wp-json\/wp\/v2\/tags?post=152834"}],"curies":[{"name":"wp","href":"https:\/\/api.w.org\/{rel}","templated":true}]}}