{"id":152831,"date":"2025-09-11T10:05:20","date_gmt":"2025-09-11T13:05:20","guid":{"rendered":"https:\/\/vinasfm.com\/noticias\/?p=152831"},"modified":"2025-09-12T09:57:30","modified_gmt":"2025-09-12T12:57:30","slug":"mendoza-reglamento-la-ley-de-cannabis-medicinal-y-canamo-industrial","status":"publish","type":"post","link":"https:\/\/vinasfm.com\/noticias\/mendoza-reglamento-la-ley-de-cannabis-medicinal-y-canamo-industrial\/","title":{"rendered":"MENDOZA REGLAMENT\u00d3 LA LEY DE CANNABIS MEDICINAL Y C\u00c1\u00d1AMO INDUSTRIAL"},"content":{"rendered":"<h4><strong><span style=\"color: #003300;\">Incluye la posibilidad del autocultivo para pacientes con prescripci\u00f3n m\u00e9dica, hasta licencias para asociaciones civiles, proyectos de investigaci\u00f3n.<br \/>\n<\/span><\/strong><\/h4>\n<p>El Gobierno oficializ\u00f3 la reglamentaci\u00f3n de la Ley Provincial N\u00b0 9617, que establece el marco normativo para el desarrollo integral de la cadena de valor del cannabis medicinal y el c\u00e1\u00f1amo industrial en la provincia.<\/p>\n<p>El decreto 1928 del <strong>Ministerio de Gobierno, Infraestructura y Desarrollo Territorial<\/strong>, publicado este jueves en el<strong> Bolet\u00edn Oficial<\/strong>, fija las condiciones para el cultivo, producci\u00f3n, industrializaci\u00f3n, comercializaci\u00f3n e investigaci\u00f3n, con el objetivo de garantizar un uso seguro y controlado, as\u00ed como impulsar el desarrollo econ\u00f3mico y cient\u00edfico.<\/p>\n<aside class=\"scaip scaip-2    \"><\/aside>\n<p>La medida crea el\u00a0<strong>Registro Provincial del Cannabis y C\u00e1\u00f1amo Industrial<\/strong>, que depender\u00e1 del Ministerio de Gobierno, Infraestructura y Desarrollo Territorial y ser\u00e1 el organismo responsable de otorgar permisos, fiscalizar cultivos, definir protocolos de calidad y coordinar acciones con municipios, universidades y organismos nacionales.<\/p>\n<p>El registro tambi\u00e9n tendr\u00e1 la facultad de articular con el REPROCANN, el programa nacional que habilita el acceso al cannabis medicinal.<\/p>\n<aside class=\"scaip scaip-3    \"><\/aside>\n<p>La reglamentaci\u00f3n contempla distintas modalidades de permisos: desde el\u00a0<strong>autocultivo para pacientes con prescripci\u00f3n m\u00e9dica<\/strong>, hasta licencias para asociaciones civiles, proyectos de investigaci\u00f3n y empresas que participen en la cadena productiva. Se regulan asimismo los procesos de producci\u00f3n, transporte, almacenamiento y comercializaci\u00f3n dentro de la provincia, con un fuerte \u00e9nfasis en la trazabilidad, la bioseguridad y la confidencialidad de los datos de los usuarios.<\/p>\n<p>Uno de los puntos centrales es la creaci\u00f3n del\u00a0<strong>Banco de Germoplasma de Cannabis<\/strong>, que funcionar\u00e1 junto al ISCAMEN y tendr\u00e1 a su cargo la conservaci\u00f3n y trazabilidad del material gen\u00e9tico cultivado en Mendoza. Tambi\u00e9n se establece un r\u00e9gimen sancionatorio que prev\u00e9 multas, clausuras y decomisos en caso de incumplimiento, adem\u00e1s de un consejo asesor integrado por representantes del Estado, productores locales, universidades y ONG.<\/p>\n<h4><strong><span style=\"color: #003300;\">\u00a0<\/span><\/strong><\/h4>\n","protected":false},"excerpt":{"rendered":"<p>Incluye la posibilidad del autocultivo para pacientes con prescripci\u00f3n m\u00e9dica, hasta licencias para asociaciones civiles, proyectos de investigaci\u00f3n. El Gobierno oficializ\u00f3 &#8230;<\/p>\n","protected":false},"author":7,"featured_media":152832,"comment_status":"open","ping_status":"open","sticky":false,"template":"","format":"standard","meta":{"footnotes":""},"categories":[77,15],"tags":[],"class_list":["post-152831","post","type-post","status-publish","format-standard","has-post-thumbnail","hentry","category-gobierno","category-salud"],"_links":{"self":[{"href":"https:\/\/vinasfm.com\/noticias\/wp-json\/wp\/v2\/posts\/152831","targetHints":{"allow":["GET"]}}],"collection":[{"href":"https:\/\/vinasfm.com\/noticias\/wp-json\/wp\/v2\/posts"}],"about":[{"href":"https:\/\/vinasfm.com\/noticias\/wp-json\/wp\/v2\/types\/post"}],"author":[{"embeddable":true,"href":"https:\/\/vinasfm.com\/noticias\/wp-json\/wp\/v2\/users\/7"}],"replies":[{"embeddable":true,"href":"https:\/\/vinasfm.com\/noticias\/wp-json\/wp\/v2\/comments?post=152831"}],"version-history":[{"count":1,"href":"https:\/\/vinasfm.com\/noticias\/wp-json\/wp\/v2\/posts\/152831\/revisions"}],"predecessor-version":[{"id":152833,"href":"https:\/\/vinasfm.com\/noticias\/wp-json\/wp\/v2\/posts\/152831\/revisions\/152833"}],"wp:featuredmedia":[{"embeddable":true,"href":"https:\/\/vinasfm.com\/noticias\/wp-json\/wp\/v2\/media\/152832"}],"wp:attachment":[{"href":"https:\/\/vinasfm.com\/noticias\/wp-json\/wp\/v2\/media?parent=152831"}],"wp:term":[{"taxonomy":"category","embeddable":true,"href":"https:\/\/vinasfm.com\/noticias\/wp-json\/wp\/v2\/categories?post=152831"},{"taxonomy":"post_tag","embeddable":true,"href":"https:\/\/vinasfm.com\/noticias\/wp-json\/wp\/v2\/tags?post=152831"}],"curies":[{"name":"wp","href":"https:\/\/api.w.org\/{rel}","templated":true}]}}