{"id":152799,"date":"2025-09-10T12:07:35","date_gmt":"2025-09-10T15:07:35","guid":{"rendered":"https:\/\/vinasfm.com\/noticias\/?p=152799"},"modified":"2025-09-11T09:53:19","modified_gmt":"2025-09-11T12:53:19","slug":"se-realizo-el-sorteo-de-viviendas-del-barrio-alvear-1-a-y-b","status":"publish","type":"post","link":"https:\/\/vinasfm.com\/noticias\/se-realizo-el-sorteo-de-viviendas-del-barrio-alvear-1-a-y-b\/","title":{"rendered":"SE REALIZ\u00d3 EL SORTEO DE VIVIENDAS DEL BARRIO ALVEAR 1 A Y B"},"content":{"rendered":"<h4><span style=\"color: #003300;\"><strong>La Municipalidad de General Alvear, en conjunto con el Instituto Provincial de la Vivienda (IPV), llev\u00f3 adelante el sorteo que determin\u00f3 la ubicaci\u00f3n de las familias adjudicatarias de las viviendas en el barrio Alvear 1 A y B.<\/strong><\/span><\/h4>\n<p>En total, 72 familias conformar\u00e1n este nuevo conjunto habitacional. En esta ocasi\u00f3n se sorte\u00f3 la ubicaci\u00f3n de 35 de ellas, completando as\u00ed el proceso que se desarroll\u00f3 en distintas etapas debido a la magnitud del proyecto.<\/p>\n<p><span style=\"color: #003366;\"><strong>Mauricio Campo<\/strong><\/span>, <em>director de H\u00e1bitat de la Municipalidad<\/em>, explic\u00f3: <strong><em>\u201choy realizamos el sorteo del barrio Alvear 1 A y B. Son 72 familias en total, y en esta instancia se sortearon los departamentos para alrededor de 35 familias, completando de esta manera la totalidad del barrio. Con esto queda finalizado el proceso de adjudicaci\u00f3n de las unidades habitacionales\u201d.<\/em><\/strong><\/p>\n<p>Por su parte,<span style=\"color: #003366;\"><strong> Jorge P\u00e9rez<\/strong><\/span>, <em>director del IPV<\/em>, destac\u00f3 el trabajo articulado entre Provincia y Municipio, <strong><em>\u201cestamos de parabienes con el tema de vivienda en General Alvear. Hay un trabajo muy importante del Municipio acompa\u00f1ando al IPV. El Gobierno provincial ha puesto especial \u00e9nfasis en este mes de septiembre, donde tendremos entregas significativas en San Rafael y San Valent\u00edn, adem\u00e1s de este barrio Alvear 1 A y B. Todas las etapas administrativas, t\u00e9cnicas y sociales se han ido cumpliendo, lo que nos permite llegar a este momento tan esperado por las familias\u201d.<\/em><\/strong><\/p>\n<p>En cuanto a la entrega de las viviendas, P\u00e9rez adelant\u00f3 que el acto se realizar\u00eda en los pr\u00f3ximos d\u00edas, <strong><em>\u201ctenemos una fecha tentativa antes del 29 de septiembre. Creemos que podr\u00eda ser entre el 26 y el 27, en coordinaci\u00f3n con el Gobernador y el intendente Alejandro Molero. Estamos muy pr\u00f3ximos a concretar la entrega de este hermoso barrio\u201d.<\/em><\/strong><\/p>\n<p>Con este paso, las familias adjudicatarias ya saben la ubicaci\u00f3n de las viviendas que pronto ocupar\u00e1n, en el marco de una pol\u00edtica habitacional que busca dar respuesta a la demanda en General Alvear y en toda la provincia.<\/p>\n","protected":false},"excerpt":{"rendered":"<p>La Municipalidad de General Alvear, en conjunto con el Instituto Provincial de la Vivienda (IPV), llev\u00f3 adelante el sorteo que determin\u00f3 &#8230;<\/p>\n","protected":false},"author":7,"featured_media":152800,"comment_status":"open","ping_status":"open","sticky":false,"template":"","format":"standard","meta":{"footnotes":""},"categories":[5,29],"tags":[],"class_list":["post-152799","post","type-post","status-publish","format-standard","has-post-thumbnail","hentry","category-actualidad","category-obras-y-servicios"],"_links":{"self":[{"href":"https:\/\/vinasfm.com\/noticias\/wp-json\/wp\/v2\/posts\/152799","targetHints":{"allow":["GET"]}}],"collection":[{"href":"https:\/\/vinasfm.com\/noticias\/wp-json\/wp\/v2\/posts"}],"about":[{"href":"https:\/\/vinasfm.com\/noticias\/wp-json\/wp\/v2\/types\/post"}],"author":[{"embeddable":true,"href":"https:\/\/vinasfm.com\/noticias\/wp-json\/wp\/v2\/users\/7"}],"replies":[{"embeddable":true,"href":"https:\/\/vinasfm.com\/noticias\/wp-json\/wp\/v2\/comments?post=152799"}],"version-history":[{"count":1,"href":"https:\/\/vinasfm.com\/noticias\/wp-json\/wp\/v2\/posts\/152799\/revisions"}],"predecessor-version":[{"id":152801,"href":"https:\/\/vinasfm.com\/noticias\/wp-json\/wp\/v2\/posts\/152799\/revisions\/152801"}],"wp:featuredmedia":[{"embeddable":true,"href":"https:\/\/vinasfm.com\/noticias\/wp-json\/wp\/v2\/media\/152800"}],"wp:attachment":[{"href":"https:\/\/vinasfm.com\/noticias\/wp-json\/wp\/v2\/media?parent=152799"}],"wp:term":[{"taxonomy":"category","embeddable":true,"href":"https:\/\/vinasfm.com\/noticias\/wp-json\/wp\/v2\/categories?post=152799"},{"taxonomy":"post_tag","embeddable":true,"href":"https:\/\/vinasfm.com\/noticias\/wp-json\/wp\/v2\/tags?post=152799"}],"curies":[{"name":"wp","href":"https:\/\/api.w.org\/{rel}","templated":true}]}}