{"id":152795,"date":"2025-09-10T12:14:59","date_gmt":"2025-09-10T15:14:59","guid":{"rendered":"https:\/\/vinasfm.com\/noticias\/?p=152795"},"modified":"2025-09-11T10:07:24","modified_gmt":"2025-09-11T13:07:24","slug":"se-viene-la-edicion-40-de-los-intercursos-de-la-escuela-tecnica-agropecuaria-seizo-hoshi","status":"publish","type":"post","link":"https:\/\/vinasfm.com\/noticias\/se-viene-la-edicion-40-de-los-intercursos-de-la-escuela-tecnica-agropecuaria-seizo-hoshi\/","title":{"rendered":"SE VIENE LA 40\u00b0  EDICI\u00d3N DE LOS INTERCURSOS DE LA ESCUELA T\u00c9CNICA AGROPECUARIA SEIZO HOSHI"},"content":{"rendered":"<h4><strong>La Escuela Seizo Hoshi de Real del Padre se prepara para vivir una nueva edici\u00f3n de los tradicionales Intercursos, una actividad que este a\u00f1o cumple 40 ediciones ininterrumpidas y que se ha convertido en un verdadero s\u00edmbolo de uni\u00f3n y tradici\u00f3n en la comunidad educativa.<\/strong><\/h4>\n<p><a href=\"https:\/\/vinasfm.com\/noticias\/wp-content\/uploads\/2025\/09\/ETA-REAL-DEL-PADRE-01.jpeg\"><img loading=\"lazy\" decoding=\"async\" class=\"size-medium wp-image-152803 aligncenter\" src=\"https:\/\/vinasfm.com\/noticias\/wp-content\/uploads\/2025\/09\/ETA-REAL-DEL-PADRE-01-300x225.jpeg\" alt=\"\" width=\"300\" height=\"225\" srcset=\"https:\/\/vinasfm.com\/noticias\/wp-content\/uploads\/2025\/09\/ETA-REAL-DEL-PADRE-01-300x225.jpeg 300w, https:\/\/vinasfm.com\/noticias\/wp-content\/uploads\/2025\/09\/ETA-REAL-DEL-PADRE-01-1024x768.jpeg 1024w, https:\/\/vinasfm.com\/noticias\/wp-content\/uploads\/2025\/09\/ETA-REAL-DEL-PADRE-01-768x576.jpeg 768w, https:\/\/vinasfm.com\/noticias\/wp-content\/uploads\/2025\/09\/ETA-REAL-DEL-PADRE-01-1536x1152.jpeg 1536w, https:\/\/vinasfm.com\/noticias\/wp-content\/uploads\/2025\/09\/ETA-REAL-DEL-PADRE-01.jpeg 1600w\" sizes=\"auto, (max-width: 300px) 100vw, 300px\" \/><\/a><\/p>\n<p>En di\u00e1logo con <strong><span style=\"color: #800080;\">FM VI\u00d1AS<\/span><\/strong>, <span style=\"color: #000000;\">Valentina Zambrano<\/span>, estudiante de la instituci\u00f3n, cont\u00f3 detalles sobre este esperado evento que se desarrollar\u00e1 el <strong data-start=\"672\" data-end=\"721\">viernes 12 de septiembre desde las 8:30 HS: &#8216;<em>lo hemos estado preparando desde principio de a\u00f1o, vamos concretando la tem\u00e1tica, los deportes, las coreograf\u00edas y tambi\u00e9n un conjunto musical relacionado, estamos muy ansiosos de que llegue el d\u00eda&#8217;<\/em>, coment\u00f3.<\/strong><\/p>\n<p>Adem\u00e1s de ser un espacio de encuentro, los Intercursos cumplen un objetivo muy especial: <em><strong>&#8216;se realiza principalmente para juntar fondos para el viaje de estudios pero tambi\u00e9n es una actividad que une al pueblo&#8217;<\/strong><\/em> explic\u00f3 <strong><span style=\"color: #993366;\">Valentina<\/span><\/strong>.<\/p>\n<p>La celebraci\u00f3n se enmarca dentro de la Semana del Estudiante, que continuar\u00e1 con distintas actividades deportivas y culturales.<\/p>\n<p><a href=\"https:\/\/vinasfm.com\/noticias\/wp-content\/uploads\/2025\/09\/ETA-REAL-DEL-PADRE-02.jpeg\"><img loading=\"lazy\" decoding=\"async\" class=\"size-medium wp-image-152804 aligncenter\" src=\"https:\/\/vinasfm.com\/noticias\/wp-content\/uploads\/2025\/09\/ETA-REAL-DEL-PADRE-02-225x300.jpeg\" alt=\"\" width=\"225\" height=\"300\" srcset=\"https:\/\/vinasfm.com\/noticias\/wp-content\/uploads\/2025\/09\/ETA-REAL-DEL-PADRE-02-225x300.jpeg 225w, https:\/\/vinasfm.com\/noticias\/wp-content\/uploads\/2025\/09\/ETA-REAL-DEL-PADRE-02-768x1024.jpeg 768w, https:\/\/vinasfm.com\/noticias\/wp-content\/uploads\/2025\/09\/ETA-REAL-DEL-PADRE-02-1152x1536.jpeg 1152w, https:\/\/vinasfm.com\/noticias\/wp-content\/uploads\/2025\/09\/ETA-REAL-DEL-PADRE-02.jpeg 1200w\" sizes=\"auto, (max-width: 225px) 100vw, 225px\" \/><\/a><\/p>\n<p>El s\u00e1bado 20 se llevar\u00e1 a cabo un fog\u00f3n donde los cursos presentar\u00e1n coreograf\u00edas, banderas, esculturas y, finalmente, el 5 de octubre se cerrar\u00e1 con una gran far\u00e1ndula en la que cada grupo presentar\u00e1 su carro aleg\u00f3rico.<\/p>\n<p>Valentina tambi\u00e9n comparti\u00f3 c\u00f3mo es la vida en la escuela t\u00e9cnica junto a sus compa\u00f1eros: <em><strong>&#8216;durante el a\u00f1o trabajamos en producci\u00f3n vit\u00edcola y frut\u00edcola, aprendiendo la poda de durazneros, ciruelos y vid&#8217;<\/strong><\/em>.<\/p>\n<p><em><strong>&#8216;Tenemos doble turno, de ma\u00f1ana y tarde, lo cual a veces es dif\u00edcil, pero a la vez es una experiencia \u00fanica. La mayor\u00eda de mis compa\u00f1eros estamos juntos desde el jard\u00edn, as\u00ed que se genera un ambiente muy lindo&#8217;<\/strong><\/em>.<\/p>\n<p>&nbsp;<\/p>\n","protected":false},"excerpt":{"rendered":"<p>La Escuela Seizo Hoshi de Real del Padre se prepara para vivir una nueva edici\u00f3n de los tradicionales Intercursos, una actividad &#8230;<\/p>\n","protected":false},"author":7,"featured_media":152802,"comment_status":"open","ping_status":"open","sticky":false,"template":"","format":"standard","meta":{"footnotes":""},"categories":[3,18,1],"tags":[],"class_list":["post-152795","post","type-post","status-publish","format-standard","has-post-thumbnail","hentry","category-deportes","category-educacion","category-fmvinas"],"_links":{"self":[{"href":"https:\/\/vinasfm.com\/noticias\/wp-json\/wp\/v2\/posts\/152795","targetHints":{"allow":["GET"]}}],"collection":[{"href":"https:\/\/vinasfm.com\/noticias\/wp-json\/wp\/v2\/posts"}],"about":[{"href":"https:\/\/vinasfm.com\/noticias\/wp-json\/wp\/v2\/types\/post"}],"author":[{"embeddable":true,"href":"https:\/\/vinasfm.com\/noticias\/wp-json\/wp\/v2\/users\/7"}],"replies":[{"embeddable":true,"href":"https:\/\/vinasfm.com\/noticias\/wp-json\/wp\/v2\/comments?post=152795"}],"version-history":[{"count":3,"href":"https:\/\/vinasfm.com\/noticias\/wp-json\/wp\/v2\/posts\/152795\/revisions"}],"predecessor-version":[{"id":152829,"href":"https:\/\/vinasfm.com\/noticias\/wp-json\/wp\/v2\/posts\/152795\/revisions\/152829"}],"wp:featuredmedia":[{"embeddable":true,"href":"https:\/\/vinasfm.com\/noticias\/wp-json\/wp\/v2\/media\/152802"}],"wp:attachment":[{"href":"https:\/\/vinasfm.com\/noticias\/wp-json\/wp\/v2\/media?parent=152795"}],"wp:term":[{"taxonomy":"category","embeddable":true,"href":"https:\/\/vinasfm.com\/noticias\/wp-json\/wp\/v2\/categories?post=152795"},{"taxonomy":"post_tag","embeddable":true,"href":"https:\/\/vinasfm.com\/noticias\/wp-json\/wp\/v2\/tags?post=152795"}],"curies":[{"name":"wp","href":"https:\/\/api.w.org\/{rel}","templated":true}]}}