{"id":152790,"date":"2025-09-10T10:56:09","date_gmt":"2025-09-10T13:56:09","guid":{"rendered":"https:\/\/vinasfm.com\/noticias\/?p=152790"},"modified":"2025-09-11T09:55:47","modified_gmt":"2025-09-11T12:55:47","slug":"la-uncuyo-homenajeara-a-sus-primeros-enologos-egresados-de-alvear-y-san-rafael","status":"publish","type":"post","link":"https:\/\/vinasfm.com\/noticias\/la-uncuyo-homenajeara-a-sus-primeros-enologos-egresados-de-alvear-y-san-rafael\/","title":{"rendered":"LA UNCUYO HOMENAJEAR\u00c1 A SUS PRIMEROS EN\u00d3LOGOS EGRESADOS DE ALVEAR Y SAN RAFAEL"},"content":{"rendered":"<h4><span style=\"color: #003300;\"><strong>La Facultad de Ciencias Aplicadas a la Industria de la Universidad Nacional de Cuyo (UNCuyo) reconocer\u00e1 a sus egresados de la Tecnicatura Universitaria en Enolog\u00eda y Viticultura con un evento especial que se realizar\u00e1 el pr\u00f3ximo viernes 3 de octubre en las instalaciones de la sede San Rafael.<\/strong><\/span><\/h4>\n<p>En di\u00e1logo con <span style=\"color: #993366;\"><strong>FM VI\u00d1AS<\/strong><\/span>, la <span style=\"color: #003366;\"><strong>Ing. Daniela Funes<\/strong> <\/span>explic\u00f3 que la jornada contar\u00e1 con dos instancias: primero, un acto formal de recepci\u00f3n por parte de las autoridades y la proyecci\u00f3n de un video con fotograf\u00edas enviadas por los propios en\u00f3logos que retratan su paso por la universidad. Luego, en el parque de la Facultad, se compartir\u00e1 un \u00e1gape y un brindis para celebrar a los graduados.<\/p>\n<p><strong><em>\u201cQueremos reconocer a nuestros en\u00f3logos universitarios, tanto de San Rafael como de Alvear. Son un orgullo porque est\u00e9n donde est\u00e9n han dejado huellas; hoy tenemos egresados trabajando en distintas partes del pa\u00eds y del mundo, como Estados Unidos y Nueva Zelanda\u201d<\/em><\/strong>, destac\u00f3 Funes.<\/p>\n<p>La tecnicatura, que se dicta en ambas sedes y tiene una duraci\u00f3n de dos a\u00f1os y ocho meses, es la base para continuar con la <em>Licenciatura en Enolog\u00eda y Viticultura<\/em>. <strong><em>\u201cLa carrera ha crecido mucho, siempre con una alta demanda laboral para nuestros egresados\u201d<\/em><\/strong>, subray\u00f3 la ingeniera.<\/p>\n<p>Adem\u00e1s del homenaje simb\u00f3lico, los en\u00f3logos recibir\u00e1n un presente de parte de la Facultad. Desde la organizaci\u00f3n invitan a todos los graduados a sumarse al evento y a enviar material fotogr\u00e1fico para el video conmemorativo.<\/p>\n<p>Quienes necesiten m\u00e1s informaci\u00f3n o deseen enviar sus fotograf\u00edas pueden contactarse al tel\u00e9fono 2604 040 540.<\/p>\n","protected":false},"excerpt":{"rendered":"<p>La Facultad de Ciencias Aplicadas a la Industria de la Universidad Nacional de Cuyo (UNCuyo) reconocer\u00e1 a sus egresados de la &#8230;<\/p>\n","protected":false},"author":7,"featured_media":152791,"comment_status":"open","ping_status":"open","sticky":false,"template":"","format":"standard","meta":{"footnotes":""},"categories":[214],"tags":[],"class_list":["post-152790","post","type-post","status-publish","format-standard","has-post-thumbnail","hentry","category-uncuyo"],"_links":{"self":[{"href":"https:\/\/vinasfm.com\/noticias\/wp-json\/wp\/v2\/posts\/152790","targetHints":{"allow":["GET"]}}],"collection":[{"href":"https:\/\/vinasfm.com\/noticias\/wp-json\/wp\/v2\/posts"}],"about":[{"href":"https:\/\/vinasfm.com\/noticias\/wp-json\/wp\/v2\/types\/post"}],"author":[{"embeddable":true,"href":"https:\/\/vinasfm.com\/noticias\/wp-json\/wp\/v2\/users\/7"}],"replies":[{"embeddable":true,"href":"https:\/\/vinasfm.com\/noticias\/wp-json\/wp\/v2\/comments?post=152790"}],"version-history":[{"count":1,"href":"https:\/\/vinasfm.com\/noticias\/wp-json\/wp\/v2\/posts\/152790\/revisions"}],"predecessor-version":[{"id":152792,"href":"https:\/\/vinasfm.com\/noticias\/wp-json\/wp\/v2\/posts\/152790\/revisions\/152792"}],"wp:featuredmedia":[{"embeddable":true,"href":"https:\/\/vinasfm.com\/noticias\/wp-json\/wp\/v2\/media\/152791"}],"wp:attachment":[{"href":"https:\/\/vinasfm.com\/noticias\/wp-json\/wp\/v2\/media?parent=152790"}],"wp:term":[{"taxonomy":"category","embeddable":true,"href":"https:\/\/vinasfm.com\/noticias\/wp-json\/wp\/v2\/categories?post=152790"},{"taxonomy":"post_tag","embeddable":true,"href":"https:\/\/vinasfm.com\/noticias\/wp-json\/wp\/v2\/tags?post=152790"}],"curies":[{"name":"wp","href":"https:\/\/api.w.org\/{rel}","templated":true}]}}