{"id":152746,"date":"2025-09-09T10:07:19","date_gmt":"2025-09-09T13:07:19","guid":{"rendered":"https:\/\/vinasfm.com\/noticias\/?p=152746"},"modified":"2025-09-10T10:00:58","modified_gmt":"2025-09-10T13:00:58","slug":"quedo-habilitado-el-puente-de-calle-7-entre-ruta-188-y-calle-g","status":"publish","type":"post","link":"https:\/\/vinasfm.com\/noticias\/quedo-habilitado-el-puente-de-calle-7-entre-ruta-188-y-calle-g\/","title":{"rendered":"QUED\u00d3 HABILITADO EL PUENTE DE CALLE 7 ENTRE RUTA 188 Y CALLE G"},"content":{"rendered":"<h4><span style=\"color: #003300;\"><strong>La Municipalidad de General Alvear inform\u00f3 que ya se encuentra habilitado el puente de Calle 7, en el tramo comprendido entre Ruta 188 y Calle G. De todos modos, se contin\u00faan realizando trabajos de se\u00f1alizaci\u00f3n y limpieza en la zona, por lo que se solicita a los conductores circular con precauci\u00f3n.<\/strong><\/span><\/h4>\n<p>Este puente fue objeto de numerosos reclamos y gestiones a lo largo de los \u00faltimos meses. <strong>En diciembre del 2024, vecinos hab\u00edan alertado sobre el peligro que representaba el antiguo puente-alcantarilla de Calle 7, cuya estructura deteriorada implicaba un serio riesgo para quienes transitaban por all\u00ed.<\/strong><\/p>\n<p>Frente a esta situaci\u00f3n, Vialidad Provincial tom\u00f3 la decisi\u00f3n de cortar el desv\u00edo de carga pesada por Calle 7, <strong>lo que oblig\u00f3 a desviar el tr\u00e1nsito y gener\u00f3 malestar en la comunidad.<\/strong><\/p>\n<p>Posteriormente, en julio del corriente a\u00f1or, avanzaron los trabajos de reparaci\u00f3n del puente, estim\u00e1ndose que estar\u00eda en condiciones de habilitarse hacia fines de septiembre. <strong>Finalmente, a inicios de septiembre se concluy\u00f3 la construcci\u00f3n del nuevo puente colgante, una obra esperada que reemplaz\u00f3 a la antigua estructura.<\/strong><\/p>\n<p>Ahora, con la reciente apertura al tr\u00e1nsito, <strong>se da respuesta a una demanda de larga data de vecinos y productores de la zona, quienes necesitaban una conexi\u00f3n segura y confiable para el transporte de carga y el tr\u00e1nsito diario.<\/strong><\/p>\n<p>El Municipio destac\u00f3 que, si bien el puente ya puede utilizarse, se debe transitar con precauci\u00f3n hasta que finalicen las tareas complementarias de se\u00f1alizaci\u00f3n.<\/p>\n","protected":false},"excerpt":{"rendered":"<p>La Municipalidad de General Alvear inform\u00f3 que ya se encuentra habilitado el puente de Calle 7, en el tramo comprendido entre &#8230;<\/p>\n","protected":false},"author":7,"featured_media":152747,"comment_status":"open","ping_status":"open","sticky":false,"template":"","format":"standard","meta":{"footnotes":""},"categories":[78,79],"tags":[],"class_list":["post-152746","post","type-post","status-publish","format-standard","has-post-thumbnail","hentry","category-municipalidad","category-vialidad"],"_links":{"self":[{"href":"https:\/\/vinasfm.com\/noticias\/wp-json\/wp\/v2\/posts\/152746","targetHints":{"allow":["GET"]}}],"collection":[{"href":"https:\/\/vinasfm.com\/noticias\/wp-json\/wp\/v2\/posts"}],"about":[{"href":"https:\/\/vinasfm.com\/noticias\/wp-json\/wp\/v2\/types\/post"}],"author":[{"embeddable":true,"href":"https:\/\/vinasfm.com\/noticias\/wp-json\/wp\/v2\/users\/7"}],"replies":[{"embeddable":true,"href":"https:\/\/vinasfm.com\/noticias\/wp-json\/wp\/v2\/comments?post=152746"}],"version-history":[{"count":1,"href":"https:\/\/vinasfm.com\/noticias\/wp-json\/wp\/v2\/posts\/152746\/revisions"}],"predecessor-version":[{"id":152748,"href":"https:\/\/vinasfm.com\/noticias\/wp-json\/wp\/v2\/posts\/152746\/revisions\/152748"}],"wp:featuredmedia":[{"embeddable":true,"href":"https:\/\/vinasfm.com\/noticias\/wp-json\/wp\/v2\/media\/152747"}],"wp:attachment":[{"href":"https:\/\/vinasfm.com\/noticias\/wp-json\/wp\/v2\/media?parent=152746"}],"wp:term":[{"taxonomy":"category","embeddable":true,"href":"https:\/\/vinasfm.com\/noticias\/wp-json\/wp\/v2\/categories?post=152746"},{"taxonomy":"post_tag","embeddable":true,"href":"https:\/\/vinasfm.com\/noticias\/wp-json\/wp\/v2\/tags?post=152746"}],"curies":[{"name":"wp","href":"https:\/\/api.w.org\/{rel}","templated":true}]}}