{"id":152727,"date":"2025-09-08T13:22:04","date_gmt":"2025-09-08T16:22:04","guid":{"rendered":"https:\/\/vinasfm.com\/noticias\/?p=152727"},"modified":"2025-09-08T13:22:04","modified_gmt":"2025-09-08T16:22:04","slug":"el-club-10-de-septiembre-se-prepara-para-la-tercera-edicion-de-la-copa-tricolor","status":"publish","type":"post","link":"https:\/\/vinasfm.com\/noticias\/el-club-10-de-septiembre-se-prepara-para-la-tercera-edicion-de-la-copa-tricolor\/","title":{"rendered":"EL CLUB 10 DE SEPTIEMBRE SE PREPARA PARA LA TERCERA EDICI\u00d3N DE LA COPA TRICOLOR"},"content":{"rendered":"<h4><strong>General Alvear se prepara para vivir cuatro d\u00edas de puro f\u00fatbol con la tercera edici\u00f3n de la Copa Tricolor, organizada por la comisi\u00f3n del Club 10 de Septiembre con el apoyo de la Municipalidad de General Alvear.<\/strong><\/h4>\n<p>El torneo se desarrollar\u00e1 del 11 al 14 de septiembre en el predio oficial del club y en el predio de Ferro.<\/p>\n<p><strong><span style=\"color: #800080;\">Alberto G\u00f3mez<\/span><\/strong>, director de Deportes, destac\u00f3: <em><strong>\u00abestamos aqu\u00ed presentando junto con toda la gente de la comisi\u00f3n de 10 de septiembre la tercera edici\u00f3n de la Copa Tricolor, as\u00ed que vienen trabajando desde hace tiempo y el municipio siempre colaborando, ayudando para que este evento salga lo mejor posible.\u00bb<\/strong><\/em><\/p>\n<p>Desde la comisi\u00f3n del Club explicaron que el torneo contar\u00e1 con siete categor\u00edas, desde la 11 hasta la 17, y reunir\u00e1 a 78 equipos provenientes de distintas provincias, entre ellos Neuqu\u00e9n, San Luis, La Pampa y R\u00edo Negro, adem\u00e1s de los equipos de Alvear. Se espera la participaci\u00f3n de m\u00e1s de 550 chicos de afuera, junto a sus familias, lo que superar\u00e1 las mil personas de visitantes durante los cuatro d\u00edas.<\/p>\n<p>Adem\u00e1s, se contar\u00e1 con la presencia de veedores de Gimnasia de La Plata, Club Atl\u00e9tico Quilmes e Independiente, quienes observar\u00e1n a los jugadores en las distintas categor\u00edas.<\/p>\n<p>Los organizadores tambi\u00e9n agradecieron a las empresas locales y al municipio por su colaboraci\u00f3n constante.<em><strong> \u201cM\u00e1s que nada, agradecerles tanto a todas las empresas locales que han colaborado con la publicidad y sobre todo al municipio, a trav\u00e9s de la direcci\u00f3n de deportes y a nuestro intendente, que colaboran en cada una de las situaciones en las que nos hemos acercado y est\u00e1n presentes\u201d<\/strong><\/em>, se\u00f1alaron.<\/p>\n<p>Finalmente, invitaron a los vecinos a apoyar el torneo y a disfrutar del turismo deportivo que caracteriza a la ciudad. <em><strong>\u201cInvitar a todos los alvearenses que apoyen estos emprendimientos de los clubes, que para los clubes es m\u00e1s que importante.\u201d<\/strong><\/em>, concluyeron.<\/p>\n<p>El torneo se desarrollar\u00e1 desde el 11 al 14 de septiembre de 9:00 a 18:30, y el costo de la entrada ser\u00e1 de $ 3.000 pesos.<\/p>\n","protected":false},"excerpt":{"rendered":"<p>General Alvear se prepara para vivir cuatro d\u00edas de puro f\u00fatbol con la tercera edici\u00f3n de la Copa Tricolor, organizada por &#8230;<\/p>\n","protected":false},"author":7,"featured_media":152728,"comment_status":"open","ping_status":"open","sticky":false,"template":"","format":"standard","meta":{"footnotes":""},"categories":[1],"tags":[],"class_list":["post-152727","post","type-post","status-publish","format-standard","has-post-thumbnail","hentry","category-fmvinas"],"_links":{"self":[{"href":"https:\/\/vinasfm.com\/noticias\/wp-json\/wp\/v2\/posts\/152727","targetHints":{"allow":["GET"]}}],"collection":[{"href":"https:\/\/vinasfm.com\/noticias\/wp-json\/wp\/v2\/posts"}],"about":[{"href":"https:\/\/vinasfm.com\/noticias\/wp-json\/wp\/v2\/types\/post"}],"author":[{"embeddable":true,"href":"https:\/\/vinasfm.com\/noticias\/wp-json\/wp\/v2\/users\/7"}],"replies":[{"embeddable":true,"href":"https:\/\/vinasfm.com\/noticias\/wp-json\/wp\/v2\/comments?post=152727"}],"version-history":[{"count":1,"href":"https:\/\/vinasfm.com\/noticias\/wp-json\/wp\/v2\/posts\/152727\/revisions"}],"predecessor-version":[{"id":152729,"href":"https:\/\/vinasfm.com\/noticias\/wp-json\/wp\/v2\/posts\/152727\/revisions\/152729"}],"wp:featuredmedia":[{"embeddable":true,"href":"https:\/\/vinasfm.com\/noticias\/wp-json\/wp\/v2\/media\/152728"}],"wp:attachment":[{"href":"https:\/\/vinasfm.com\/noticias\/wp-json\/wp\/v2\/media?parent=152727"}],"wp:term":[{"taxonomy":"category","embeddable":true,"href":"https:\/\/vinasfm.com\/noticias\/wp-json\/wp\/v2\/categories?post=152727"},{"taxonomy":"post_tag","embeddable":true,"href":"https:\/\/vinasfm.com\/noticias\/wp-json\/wp\/v2\/tags?post=152727"}],"curies":[{"name":"wp","href":"https:\/\/api.w.org\/{rel}","templated":true}]}}