{"id":152722,"date":"2025-09-08T13:19:16","date_gmt":"2025-09-08T16:19:16","guid":{"rendered":"https:\/\/vinasfm.com\/noticias\/?p=152722"},"modified":"2025-09-09T10:51:15","modified_gmt":"2025-09-09T13:51:15","slug":"bowen-celebro-con-emocion-el-dia-del-inmigrante-y-dio-inicio-a-su-septiembre-aniversario","status":"publish","type":"post","link":"https:\/\/vinasfm.com\/noticias\/bowen-celebro-con-emocion-el-dia-del-inmigrante-y-dio-inicio-a-su-septiembre-aniversario\/","title":{"rendered":"BOWEN CELEBR\u00d3 CON EMOCI\u00d3N EL D\u00cdA DEL INMIGRANTE Y DIO INICIO A SU SEPTIEMBRE ANIVERSARIO"},"content":{"rendered":"<h4><span style=\"color: #003300;\"><strong>Este domingo, en la plazoleta del Inmigrante se realiz\u00f3 una emotiva celebraci\u00f3n en honor al D\u00eda del Inmigrante, organizada por la Municipalidad de General Alvear. El acto marc\u00f3 tambi\u00e9n el puntapi\u00e9 inicial de las actividades previstas por el aniversario del distrito, en el marco del tradicional \u201cSeptiembre Bowense\u201d.<\/strong><\/span><\/h4>\n<p>El evento congreg\u00f3 a vecinos, autoridades, representantes de distintas colectividades y familias descendientes de aquellos hombres y mujeres que, en busca de un futuro mejor, eligieron estas tierras para echar ra\u00edces.<\/p>\n<p>El <em>delegado de Bowen<\/em>, <span style=\"color: #003366;\"><strong>Luis Gergeluk<\/strong><\/span>, visiblemente emocionado, expres\u00f3: <em><strong>\u201choy es un d\u00eda muy especial. Somos nietos de inmigrantes, tenemos un poquito de cada uno de los pa\u00edses del mundo: ucraniano, espa\u00f1ol, italiano\u2026 Es un d\u00eda que nos toca muy profundo en los sentimientos, por lo que uno ha vivido durante toda la vida. Estamos muy contentos por la cantidad de gente que se sum\u00f3 y por dar inicio as\u00ed a las actividades del septiembre bowense\u201d.<\/strong><\/em><\/p>\n<p>Durante el acto se entregaron reconocimientos a inmigrantes que llegaron al distrito desde el siglo XIX hasta la actualidad. Las colectividades italiana, ucraniana, espa\u00f1ola y japonesa estuvieron especialmente representadas, en un homenaje que busc\u00f3 visibilizar el esfuerzo, la cultura y el legado de quienes forjaron la identidad de Bowen.<\/p>\n<h3>Testimonios que emocionan<\/h3>\n<p>Uno de los momentos m\u00e1s conmovedores de la jornada fue el testimonio de <span style=\"color: #003366;\"><strong>Aurora Ca\u00f1ada L\u00f3pez<\/strong><\/span>, una<em> inmigrante nacida en Granada (Espa\u00f1a)<\/em>, que lleg\u00f3 a Argentina en 1954. Acompa\u00f1ada por el m\u00e9dico local Marcos Domenech, comparti\u00f3 recuerdos de su infancia, los duros comienzos y el fuerte v\u00ednculo que a\u00fan mantiene con su tierra adoptiva.<\/p>\n<p><em><strong>\u201cLlegamos al Oeste y despu\u00e9s al campamento, a la calle 16. Nos dieron una finca que no ten\u00eda ni casa ni nada. Tuvimos que desmontar y construirla. Ten\u00eda 13 a\u00f1os. Mi pap\u00e1 hab\u00eda estado en la guerra y no quer\u00eda que sus hijos pasaran por lo mismo. Cruz\u00e1bamos el monte a pie para aprender a coser en Bowen, tres veces por semana. No hab\u00eda heladera, ni luz, ni lavarropa. Todo era sacrificio, pero salimos adelante\u201d<\/strong><\/em>, relat\u00f3 Aurora con una lucidez y calidez que conmovieron a los presentes.<\/p>\n<p>Hoy, a sus 85 a\u00f1os, Aurora sigue viviendo en Bowen, en el paraje Los \u00c1ngeles. <em><strong>\u201cA m\u00ed que no me cambien. Hace 65 a\u00f1os que vivo ac\u00e1. No me voy a otro lado\u201d<\/strong><\/em>, afirm\u00f3 con orgullo.<\/p>\n<h2>Bowen se prepara para un septiembre con muchas actividades<\/h2>\n<p>El delegado Luis Gergeluk tambi\u00e9n adelant\u00f3 el calendario de festejos por el aniversario del distrito, que incluir\u00e1 actividades culturales, art\u00edsticas y deportivas:<\/p>\n<ul>\n<li>12 de septiembre: presentaci\u00f3n teatral sobre \u00abVairoleto del Pampeano\u00bb en la Biblioteca Antonio De Marco.<\/li>\n<li>13 de septiembre: pe\u00f1a aniversario en el Predio del Festival de la Ciruela.<\/li>\n<li>14 de septiembre: acto oficial con desfile c\u00edvico-policial-militar y espect\u00e1culo art\u00edstico, que contar\u00e1 con el cierre de los \u00abManyines de Cuyo\u00bb.<\/li>\n<\/ul>\n<p>Adem\u00e1s, se desarrollar\u00e1n maratones, torneos deportivos, festejos por el D\u00eda del Estudiante y diversas propuestas que involucrar\u00e1n a instituciones y vecinos de todo el distrito.<\/p>\n<h3>Obras que acompa\u00f1an el crecimiento<\/h3>\n<p>Gergeluk tambi\u00e9n destac\u00f3 las obras en marcha, como el inicio de la primera etapa del asfaltado y la construcci\u00f3n del polideportivo de Bowen, una obra largamente esperada por la comunidad.<br \/>\n<em><strong>\u201cGracias a la palabra del Intendente Alejandro Molero, hoy esta promesa es una realidad. El polideportivo ser\u00e1 un punto de encuentro para todos los bowenses\u201d<\/strong><\/em>, asegur\u00f3.<\/p>\n","protected":false},"excerpt":{"rendered":"<p>Este domingo, en la plazoleta del Inmigrante se realiz\u00f3 una emotiva celebraci\u00f3n en honor al D\u00eda del Inmigrante, organizada por la &#8230;<\/p>\n","protected":false},"author":7,"featured_media":152726,"comment_status":"open","ping_status":"open","sticky":false,"template":"","format":"standard","meta":{"footnotes":""},"categories":[14,11],"tags":[],"class_list":["post-152722","post","type-post","status-publish","format-standard","has-post-thumbnail","hentry","category-agro","category-sociales"],"_links":{"self":[{"href":"https:\/\/vinasfm.com\/noticias\/wp-json\/wp\/v2\/posts\/152722","targetHints":{"allow":["GET"]}}],"collection":[{"href":"https:\/\/vinasfm.com\/noticias\/wp-json\/wp\/v2\/posts"}],"about":[{"href":"https:\/\/vinasfm.com\/noticias\/wp-json\/wp\/v2\/types\/post"}],"author":[{"embeddable":true,"href":"https:\/\/vinasfm.com\/noticias\/wp-json\/wp\/v2\/users\/7"}],"replies":[{"embeddable":true,"href":"https:\/\/vinasfm.com\/noticias\/wp-json\/wp\/v2\/comments?post=152722"}],"version-history":[{"count":1,"href":"https:\/\/vinasfm.com\/noticias\/wp-json\/wp\/v2\/posts\/152722\/revisions"}],"predecessor-version":[{"id":152723,"href":"https:\/\/vinasfm.com\/noticias\/wp-json\/wp\/v2\/posts\/152722\/revisions\/152723"}],"wp:featuredmedia":[{"embeddable":true,"href":"https:\/\/vinasfm.com\/noticias\/wp-json\/wp\/v2\/media\/152726"}],"wp:attachment":[{"href":"https:\/\/vinasfm.com\/noticias\/wp-json\/wp\/v2\/media?parent=152722"}],"wp:term":[{"taxonomy":"category","embeddable":true,"href":"https:\/\/vinasfm.com\/noticias\/wp-json\/wp\/v2\/categories?post=152722"},{"taxonomy":"post_tag","embeddable":true,"href":"https:\/\/vinasfm.com\/noticias\/wp-json\/wp\/v2\/tags?post=152722"}],"curies":[{"name":"wp","href":"https:\/\/api.w.org\/{rel}","templated":true}]}}