{"id":152655,"date":"2025-09-06T10:20:58","date_gmt":"2025-09-06T13:20:58","guid":{"rendered":"https:\/\/vinasfm.com\/noticias\/?p=152655"},"modified":"2025-09-06T10:20:58","modified_gmt":"2025-09-06T13:20:58","slug":"lunes-8-de-septiembre-comienza-la-evaluacion-pisa-2025","status":"publish","type":"post","link":"https:\/\/vinasfm.com\/noticias\/lunes-8-de-septiembre-comienza-la-evaluacion-pisa-2025\/","title":{"rendered":"LUNES 8 DE SEPTIEMBRE: COMIENZA LA EVALUACI\u00d3N PISA 2025"},"content":{"rendered":"<p><span style=\"color: #003300;\"><strong>Estudiantes de 15 a\u00f1os de 75 escuelas secundarias de gesti\u00f3n estatal y privada formar\u00e1n parte de este importante operativo internacional.<\/strong><\/span><\/p>\n<p>La Direcci\u00f3n General de Escuelas comunica que el lunes 8 de septiembre comenzar\u00e1 la evaluaci\u00f3n internacional PISA 2025, donde estudiantes de 15 a\u00f1os ser\u00e1n evaluados en lectura, matem\u00e1tica, ciencias y habilidades del mundo digital.<\/p>\n<p><strong>Desde el gobierno escolar informaron que participar\u00e1n 75 escuelas de gesti\u00f3n estatal y privada. En esta ocasi\u00f3n, dos instituciones de la modalidad de J\u00f3venes y Adultos tambi\u00e9n formar\u00e1n parte del operativo<\/strong>.<\/p>\n<p><strong>Cabe destacar que los estudiantes que participar\u00e1n, ya tuvieron un primer acercamiento a la evaluaci\u00f3n mediante una iniciativa pedag\u00f3gica denominada Pisaton, una propuesta que simul\u00f3 el formato de las evaluaciones internacionales estandarizadas<\/strong>. Adem\u00e1s promueve la autonom\u00eda, el trabajo en equipo y el uso estrat\u00e9gico del tiempo.<\/p>\n<p>Tambi\u00e9n se desarroll\u00f3 durante el mes de agosto una capacitaci\u00f3n destinada a docentes para que conozcan las caracter\u00edsticas propias de esta importante prueba internacional.<\/p>\n","protected":false},"excerpt":{"rendered":"<p>Estudiantes de 15 a\u00f1os de 75 escuelas secundarias de gesti\u00f3n estatal y privada formar\u00e1n parte de este importante operativo internacional. La &#8230;<\/p>\n","protected":false},"author":7,"featured_media":152656,"comment_status":"open","ping_status":"open","sticky":false,"template":"","format":"standard","meta":{"footnotes":""},"categories":[1],"tags":[],"class_list":["post-152655","post","type-post","status-publish","format-standard","has-post-thumbnail","hentry","category-fmvinas"],"_links":{"self":[{"href":"https:\/\/vinasfm.com\/noticias\/wp-json\/wp\/v2\/posts\/152655","targetHints":{"allow":["GET"]}}],"collection":[{"href":"https:\/\/vinasfm.com\/noticias\/wp-json\/wp\/v2\/posts"}],"about":[{"href":"https:\/\/vinasfm.com\/noticias\/wp-json\/wp\/v2\/types\/post"}],"author":[{"embeddable":true,"href":"https:\/\/vinasfm.com\/noticias\/wp-json\/wp\/v2\/users\/7"}],"replies":[{"embeddable":true,"href":"https:\/\/vinasfm.com\/noticias\/wp-json\/wp\/v2\/comments?post=152655"}],"version-history":[{"count":1,"href":"https:\/\/vinasfm.com\/noticias\/wp-json\/wp\/v2\/posts\/152655\/revisions"}],"predecessor-version":[{"id":152657,"href":"https:\/\/vinasfm.com\/noticias\/wp-json\/wp\/v2\/posts\/152655\/revisions\/152657"}],"wp:featuredmedia":[{"embeddable":true,"href":"https:\/\/vinasfm.com\/noticias\/wp-json\/wp\/v2\/media\/152656"}],"wp:attachment":[{"href":"https:\/\/vinasfm.com\/noticias\/wp-json\/wp\/v2\/media?parent=152655"}],"wp:term":[{"taxonomy":"category","embeddable":true,"href":"https:\/\/vinasfm.com\/noticias\/wp-json\/wp\/v2\/categories?post=152655"},{"taxonomy":"post_tag","embeddable":true,"href":"https:\/\/vinasfm.com\/noticias\/wp-json\/wp\/v2\/tags?post=152655"}],"curies":[{"name":"wp","href":"https:\/\/api.w.org\/{rel}","templated":true}]}}