{"id":152617,"date":"2025-09-05T09:48:07","date_gmt":"2025-09-05T12:48:07","guid":{"rendered":"https:\/\/vinasfm.com\/noticias\/?p=152617"},"modified":"2025-09-05T09:48:07","modified_gmt":"2025-09-05T12:48:07","slug":"mendoza-impulsa-finaciamiento-para-infraestructura-turistica-en-los-municipios","status":"publish","type":"post","link":"https:\/\/vinasfm.com\/noticias\/mendoza-impulsa-finaciamiento-para-infraestructura-turistica-en-los-municipios\/","title":{"rendered":"MENDOZA IMPULSA FINACIAMIENTO PARA INFRAESTRUCTURA TUR\u00cdSTICA EN LOS MUNICIPIOS"},"content":{"rendered":"<h4><strong>El Gobierno de Mendoza present\u00f3 un nuevo programa de financiamiento destinado a fortalecer la infraestructura tur\u00edstica en los distintos departamentos de la provincia.<\/strong><\/h4>\n<p>La iniciativa surge a partir del fideicomiso generado con los fondos de resarcimiento por la promoci\u00f3n industrial y fue oficializada mediante la firma de un convenio marco entre el gobernador Alfredo Cornejo, la secretaria de Infraestructura Marit\u00e9 Badui<\/p>\n<p>As\u00ed lo describi\u00f3 <strong><span style=\"color: #800080;\">Carlos Weiner<\/span><\/strong> (Director de la Delegaci\u00f3n Zona Sur del EMETUR):<em><strong> &#8216;el programa habilita l\u00edneas de inversi\u00f3n de hasta 30 millones de d\u00f3lares por municipio, que deber\u00e1n destinarse exclusivamente a proyectos de infraestructura tur\u00edstica con impacto directo en la actividad&#8217;<\/strong><\/em>.<\/p>\n<p><em><strong>&#8216;Cada departamento tendr\u00e1 la responsabilidad de presentar sus iniciativas al Banco de Proyectos de la Provincia antes del 15 de octubre, fecha l\u00edmite establecida para la recepci\u00f3n de propuestas&#8217;<\/strong><\/em>.<\/p>\n<p>En el caso del sur provincial, departamentos como General Alvear ya analizan alternativas relacionadas con el mejoramiento de ingresos al departamento, el desarrollo del Parque Central y otras propuestas vinculadas al crecimiento tur\u00edstico local:<em><strong> &#8216;este financiamiento viene a cumplir con un anhelo de los intendentes y de la comunidad, permitiendo poner en marcha proyectos que llevan a\u00f1os en carpeta&#8217;<\/strong><\/em>, destacaron desde el sector.<\/p>\n<p>Por otra parte, la temporada invernal tambi\u00e9n fue tema de celebraci\u00f3n, las nevadas tard\u00edas permitieron extender la actividad tur\u00edstica en <strong data-start=\"2149\" data-end=\"2194\">Las Le\u00f1as, Real del Pehuenche y El Azufre<\/strong>, a diferencia de otros centros invernales de la Patagonia que ya dieron por concluida la temporada.<\/p>\n","protected":false},"excerpt":{"rendered":"<p>El Gobierno de Mendoza present\u00f3 un nuevo programa de financiamiento destinado a fortalecer la infraestructura tur\u00edstica en los distintos departamentos de &#8230;<\/p>\n","protected":false},"author":7,"featured_media":133888,"comment_status":"open","ping_status":"open","sticky":false,"template":"","format":"standard","meta":{"footnotes":""},"categories":[1],"tags":[],"class_list":["post-152617","post","type-post","status-publish","format-standard","has-post-thumbnail","hentry","category-fmvinas"],"_links":{"self":[{"href":"https:\/\/vinasfm.com\/noticias\/wp-json\/wp\/v2\/posts\/152617","targetHints":{"allow":["GET"]}}],"collection":[{"href":"https:\/\/vinasfm.com\/noticias\/wp-json\/wp\/v2\/posts"}],"about":[{"href":"https:\/\/vinasfm.com\/noticias\/wp-json\/wp\/v2\/types\/post"}],"author":[{"embeddable":true,"href":"https:\/\/vinasfm.com\/noticias\/wp-json\/wp\/v2\/users\/7"}],"replies":[{"embeddable":true,"href":"https:\/\/vinasfm.com\/noticias\/wp-json\/wp\/v2\/comments?post=152617"}],"version-history":[{"count":1,"href":"https:\/\/vinasfm.com\/noticias\/wp-json\/wp\/v2\/posts\/152617\/revisions"}],"predecessor-version":[{"id":152618,"href":"https:\/\/vinasfm.com\/noticias\/wp-json\/wp\/v2\/posts\/152617\/revisions\/152618"}],"wp:featuredmedia":[{"embeddable":true,"href":"https:\/\/vinasfm.com\/noticias\/wp-json\/wp\/v2\/media\/133888"}],"wp:attachment":[{"href":"https:\/\/vinasfm.com\/noticias\/wp-json\/wp\/v2\/media?parent=152617"}],"wp:term":[{"taxonomy":"category","embeddable":true,"href":"https:\/\/vinasfm.com\/noticias\/wp-json\/wp\/v2\/categories?post=152617"},{"taxonomy":"post_tag","embeddable":true,"href":"https:\/\/vinasfm.com\/noticias\/wp-json\/wp\/v2\/tags?post=152617"}],"curies":[{"name":"wp","href":"https:\/\/api.w.org\/{rel}","templated":true}]}}