{"id":152614,"date":"2025-09-05T09:13:52","date_gmt":"2025-09-05T12:13:52","guid":{"rendered":"https:\/\/vinasfm.com\/noticias\/?p=152614"},"modified":"2025-09-05T09:13:52","modified_gmt":"2025-09-05T12:13:52","slug":"con-un-28-de-avance-la-obra-del-nuevo-servicio-de-salud-mental-del-hospital-enfermeros-argentinos-progresa-a-buen-ritmo","status":"publish","type":"post","link":"https:\/\/vinasfm.com\/noticias\/con-un-28-de-avance-la-obra-del-nuevo-servicio-de-salud-mental-del-hospital-enfermeros-argentinos-progresa-a-buen-ritmo\/","title":{"rendered":"CON UN 28% DE AVANCE, LA OBRA DEL NUEVO SERVICIO DE SALUD MENTAL DEL HOSPITAL ENFERMEROS ARGENTINOS PROGRESA A BUEN RITMO"},"content":{"rendered":"<h4><strong>Esta obra clave para los alvearenses busca mejorar el acceso a la atenci\u00f3n de salud mental para avanzar con el proceso de recuperaci\u00f3n de los trastornos de conducta. Hace una semana se inaugur\u00f3 el\u00a0Polo Educativo Regional Ugacoop, otra obra de vanguardia para General Alvear.<\/strong><\/h4>\n<p>La construcci\u00f3n del nuevo servicio de internaci\u00f3n de salud mental en el Hospital Enfermeros Argentinos avanza a paso firme, alcanzando un progreso del 28%. Esta obra, crucial para la comunidad de General Alvear, busca mejorar significativamente el acceso a la atenci\u00f3n en salud mental y facilitar el proceso de recuperaci\u00f3n de los pacientes.<\/p>\n<p>El pasado viernes, luego de la inauguraci\u00f3n del Polo Educativo Regional Ugacoop, la subsecretaria de Infraestructura y Desarrollo Territorial, Marit\u00e9 Badui, recorri\u00f3 la obra.<\/p>\n<p>La funcionaria supervis\u00f3 los trabajos junto a un equipo de la cartera: Mauricio Iglesias, director General de Administraci\u00f3n; Dardo Morabito, director de Obras; Gladys Obredor, directora de Arquitectura e Ingenier\u00eda; Laura Bruno, directora de Procesos y Sistemas de Informaci\u00f3n; y Emanuel Juan, director de Gesti\u00f3n de Proyectos y Contratos. Tambi\u00e9n estuvieron presentes los inspectores de obras del sur provincial, Fernando Puga y BrahimHueda.<\/p>\n<p>El proyecto, a cargo de la empresa Universo SA, muestra avances en distintos frentes. En el sector principal, ya se instal\u00f3 la estructura del techo, incluyendo vigas y correas met\u00e1licas, y se estima que la colocaci\u00f3n de la cubierta se completar\u00e1 en aproximadamente una semana.<\/p>\n<p>\u201cTambi\u00e9n se est\u00e1n realizando tareas de revoque grueso y compactaci\u00f3n del relleno para la preparaci\u00f3n del contrapiso. En las dem\u00e1s \u00e1reas, se contin\u00faa con el levantamiento de mamposter\u00eda de ladrillo y la estructura de hormig\u00f3n hasta alcanzar la altura de la cubierta\u201d, explic\u00f3 Dardo Morabito, director de Obras.<\/p>\n<p><strong>Un dise\u00f1o que prioriza el bienestar<\/strong><\/p>\n<p>El nuevo servicio se compone de tres edificios asistenciales ubicados en el sector norte del hospital, con una superficie total cubierta de 945 m\u00b2. Dise\u00f1ados en forma de \u00abU\u00bb alrededor de un patio central, los edificios priorizan la conexi\u00f3n con la naturaleza, la luz natural y la ventilaci\u00f3n, creando un entorno propicio para la curaci\u00f3n.<\/p>\n<p>Las instalaciones contar\u00e1n con:<\/p>\n<ul>\n<li>14 camas de internaci\u00f3n, distribuidas en habitaciones dobles y triples. Cuatro de estas camas estar\u00e1n destinadas a pacientes adolescentes en un \u00e1rea separada.<\/li>\n<li>Consultorios para atenci\u00f3n a pacientes internos y externos.<\/li>\n<li>Espacios comunes como comedor, sala de estar, \u00e1rea de lectura y un sector espec\u00edfico para visitas, dise\u00f1ado para fomentar la reconexi\u00f3n familiar en un ambiente acogedor.<\/li>\n<li>Dise\u00f1o interior que combina colores c\u00e1lidos y diversos materiales para generar una atm\u00f3sfera de paz y tranquilidad.<\/li>\n<\/ul>\n<p>La obra, que se construye con muros de mamposter\u00eda, carpinter\u00eda de doble vidrio herm\u00e9tico y un sistema de calefacci\u00f3n central, no s\u00f3lo busca la funcionalidad, sino tambi\u00e9n la creaci\u00f3n de un espacio que priorice el bienestar y la comodidad de los pacientes.<\/p>\n<p>Este proyecto se suma a las mejoras recientes en el hospital, como la inauguraci\u00f3n de la nueva guardia, y reafirma el compromiso de la Provincia con la infraestructura de salud p\u00fablica.<\/p>\n<p><strong>El Polo Educativo Regional Ugacoop, una inauguraci\u00f3n de excelencia para Alvear<\/strong><\/p>\n<p>Esta obra,que une infraestructura de vanguardia con una fuerte apuesta a la educaci\u00f3n para consolidar al departamento como un polo regional de formaci\u00f3n, qued\u00f3 inaugurada la semana pasada.<\/p>\n<p>El objetivo es formar personas comprometidas con el desarrollo comunitario, a trav\u00e9s de una red p\u00fablico-privada que integra a los sectores educativo, social y productivo.<\/p>\n<p>Con una inversi\u00f3n superior a los 5.700 millones de pesos, la construcci\u00f3n de m\u00e1s de 2.000 m\u00b2 estuvo a cargo de la empresa Universo SA. Incluy\u00f3 un bloque de aulas, una plaza de acceso, cocina, ba\u00f1os, buffet, patio de servicios y \u00e1reas de dep\u00f3sito. El predio, ubicado estrat\u00e9gicamente en la Ruta Nacional 188 y la calle Silvio Tricerri, se complementa con m\u00e1s de 10.000 m\u00b2 de espacios exteriores, entre plazas, patios y jardines.<\/p>\n<p>El proyecto contempl\u00f3 seis bloques de aulas independientes con grandes superficies vidriadas orientadas al norte, para aprovechar la luz natural y garantizar eficiencia t\u00e9rmica. A esto se sum\u00f3 el uso de paneles prefabricados con aislaci\u00f3n de poliuretano, cubiertas aptas para la instalaci\u00f3n de paneles solares, colectores para agua caliente y un sistema de reutilizaci\u00f3n de aguas grises.<\/p>\n<p>El paisajismo prioriz\u00f3 especies xer\u00f3filas (adaptadas a vivir en un ambiente seco) y un bosque nativo urbano, reduciendo as\u00ed el consumo de agua y fomentando espacios de encuentro al aire libre.<\/p>\n","protected":false},"excerpt":{"rendered":"<p>Esta obra clave para los alvearenses busca mejorar el acceso a la atenci\u00f3n de salud mental para avanzar con el proceso &#8230;<\/p>\n","protected":false},"author":7,"featured_media":152615,"comment_status":"open","ping_status":"open","sticky":false,"template":"","format":"standard","meta":{"footnotes":""},"categories":[1],"tags":[],"class_list":["post-152614","post","type-post","status-publish","format-standard","has-post-thumbnail","hentry","category-fmvinas"],"_links":{"self":[{"href":"https:\/\/vinasfm.com\/noticias\/wp-json\/wp\/v2\/posts\/152614","targetHints":{"allow":["GET"]}}],"collection":[{"href":"https:\/\/vinasfm.com\/noticias\/wp-json\/wp\/v2\/posts"}],"about":[{"href":"https:\/\/vinasfm.com\/noticias\/wp-json\/wp\/v2\/types\/post"}],"author":[{"embeddable":true,"href":"https:\/\/vinasfm.com\/noticias\/wp-json\/wp\/v2\/users\/7"}],"replies":[{"embeddable":true,"href":"https:\/\/vinasfm.com\/noticias\/wp-json\/wp\/v2\/comments?post=152614"}],"version-history":[{"count":1,"href":"https:\/\/vinasfm.com\/noticias\/wp-json\/wp\/v2\/posts\/152614\/revisions"}],"predecessor-version":[{"id":152616,"href":"https:\/\/vinasfm.com\/noticias\/wp-json\/wp\/v2\/posts\/152614\/revisions\/152616"}],"wp:featuredmedia":[{"embeddable":true,"href":"https:\/\/vinasfm.com\/noticias\/wp-json\/wp\/v2\/media\/152615"}],"wp:attachment":[{"href":"https:\/\/vinasfm.com\/noticias\/wp-json\/wp\/v2\/media?parent=152614"}],"wp:term":[{"taxonomy":"category","embeddable":true,"href":"https:\/\/vinasfm.com\/noticias\/wp-json\/wp\/v2\/categories?post=152614"},{"taxonomy":"post_tag","embeddable":true,"href":"https:\/\/vinasfm.com\/noticias\/wp-json\/wp\/v2\/tags?post=152614"}],"curies":[{"name":"wp","href":"https:\/\/api.w.org\/{rel}","templated":true}]}}