{"id":152611,"date":"2025-09-05T08:55:24","date_gmt":"2025-09-05T11:55:24","guid":{"rendered":"https:\/\/vinasfm.com\/noticias\/?p=152611"},"modified":"2025-09-05T11:27:01","modified_gmt":"2025-09-05T14:27:01","slug":"siendo-funcionarios-el-programa-que-fomenta-la-participacion-civica-en-los-jovenes","status":"publish","type":"post","link":"https:\/\/vinasfm.com\/noticias\/siendo-funcionarios-el-programa-que-fomenta-la-participacion-civica-en-los-jovenes\/","title":{"rendered":"SIENDO FUNCIONARIOS: EL PROGRAMA QUE FOMENTA LA PARTICIPACI\u00d3N C\u00cdVICA EN LOS J\u00d3VENES"},"content":{"rendered":"<h4><strong>El Concejo Deliberante, la Municipalidad de General Alvear y la Escuela Secundaria R\u00edo Atuel, han implementado el programa \u00abSiendo Funcionarios\u00bb.<\/strong><\/h4>\n<p>Este proyecto tiene como objetivo involucrar a los estudiantes en el \u00e1mbito c\u00edvico, subrayando la importancia de su participaci\u00f3n activa en el progreso de la sociedad.<\/p>\n<p>El programa permite que los alumnos asuman cargos dentro del gobierno municipal, brind\u00e1ndoles una experiencia \u00fanica que les permitir\u00e1 comprender c\u00f3mo se legisla y se toman decisiones que impactan directamente en la comunidad.<\/p>\n<p>En una ceremonia especial llevada a cabo en el sal\u00f3n San Mart\u00edn del recinto, el intendente <strong><span style=\"color: #800080;\">Alejandro Molero<\/span><\/strong> tom\u00f3 juramento a los j\u00f3venes funcionarios, marcando el inicio de su jornada en la gesti\u00f3n p\u00fablica.<\/p>\n<p>La presidenta del Concejo, <strong><span style=\"color: #800080;\">Alejandra Torti<\/span><\/strong>, destac\u00f3 la relevancia de esta experiencia al afirmar: <em><strong>\u201chay chicos que van a ocupar cargos del ejecutivo, incluido el de presidente del concejo durante tres d\u00edas. Con esto, esperamos inspirar su futura participaci\u00f3n c\u00edvica\u201d<\/strong><\/em>. La presidenta enfatiz\u00f3 que involucrar a los j\u00f3venes en estos espacios es fundamental para fomentar una ciudadan\u00eda activa y comprometida.<\/p>\n<p>Por su parte, el intendente, resalt\u00f3 la necesidad de que los j\u00f3venes se integren al \u00e1mbito legislativo y pol\u00edtico, no s\u00f3lo desde una perspectiva partidaria, sino tambi\u00e9n en diversas \u00e1reas de la vida social e invit\u00f3 a los j\u00f3venes a ser proactivos en la construcci\u00f3n de una sociedad m\u00e1s inclusiva y pr\u00f3spera.<\/p>\n<p><strong><span style=\"color: #800080;\">\u00abSiendo Funcionarios\u00bb<\/span><\/strong>, no solo brinda a los estudiantes una visi\u00f3n pr\u00e1ctica del funcionamiento del gobierno local, sino que tambi\u00e9n siembra las semillas para una futura generaci\u00f3n de ciudadanos comprometidos y activos.<\/p>\n","protected":false},"excerpt":{"rendered":"<p>El Concejo Deliberante, la Municipalidad de General Alvear y la Escuela Secundaria R\u00edo Atuel, han implementado el programa \u00abSiendo Funcionarios\u00bb. Este &#8230;<\/p>\n","protected":false},"author":7,"featured_media":152612,"comment_status":"open","ping_status":"open","sticky":false,"template":"","format":"standard","meta":{"footnotes":""},"categories":[5,18],"tags":[],"class_list":["post-152611","post","type-post","status-publish","format-standard","has-post-thumbnail","hentry","category-actualidad","category-educacion"],"_links":{"self":[{"href":"https:\/\/vinasfm.com\/noticias\/wp-json\/wp\/v2\/posts\/152611","targetHints":{"allow":["GET"]}}],"collection":[{"href":"https:\/\/vinasfm.com\/noticias\/wp-json\/wp\/v2\/posts"}],"about":[{"href":"https:\/\/vinasfm.com\/noticias\/wp-json\/wp\/v2\/types\/post"}],"author":[{"embeddable":true,"href":"https:\/\/vinasfm.com\/noticias\/wp-json\/wp\/v2\/users\/7"}],"replies":[{"embeddable":true,"href":"https:\/\/vinasfm.com\/noticias\/wp-json\/wp\/v2\/comments?post=152611"}],"version-history":[{"count":1,"href":"https:\/\/vinasfm.com\/noticias\/wp-json\/wp\/v2\/posts\/152611\/revisions"}],"predecessor-version":[{"id":152613,"href":"https:\/\/vinasfm.com\/noticias\/wp-json\/wp\/v2\/posts\/152611\/revisions\/152613"}],"wp:featuredmedia":[{"embeddable":true,"href":"https:\/\/vinasfm.com\/noticias\/wp-json\/wp\/v2\/media\/152612"}],"wp:attachment":[{"href":"https:\/\/vinasfm.com\/noticias\/wp-json\/wp\/v2\/media?parent=152611"}],"wp:term":[{"taxonomy":"category","embeddable":true,"href":"https:\/\/vinasfm.com\/noticias\/wp-json\/wp\/v2\/categories?post=152611"},{"taxonomy":"post_tag","embeddable":true,"href":"https:\/\/vinasfm.com\/noticias\/wp-json\/wp\/v2\/tags?post=152611"}],"curies":[{"name":"wp","href":"https:\/\/api.w.org\/{rel}","templated":true}]}}