{"id":152606,"date":"2025-09-04T12:11:59","date_gmt":"2025-09-04T15:11:59","guid":{"rendered":"https:\/\/vinasfm.com\/noticias\/?p=152606"},"modified":"2025-09-05T11:22:11","modified_gmt":"2025-09-05T14:22:11","slug":"la-comuna-se-prepara-para-vivir-la-fiesta-de-la-cerveza-del-sur-mendocino","status":"publish","type":"post","link":"https:\/\/vinasfm.com\/noticias\/la-comuna-se-prepara-para-vivir-la-fiesta-de-la-cerveza-del-sur-mendocino\/","title":{"rendered":"LA COMUNA SE PREPARA PARA VIVIR LA FIESTA DE LA CERVEZA DEL SUR MENDOCINO"},"content":{"rendered":"<h4><strong>El pr\u00f3ximo 27 de septiembre, el Predio Ferial de General Alvear ser\u00e1 el epicentro de una de las celebraciones m\u00e1s esperadas del a\u00f1o: la Fiesta de la Cerveza del Sur Mendocino, que contar\u00e1 con m\u00e1s de tres escenarios y una destacada grilla de artistas.<\/strong><\/h4>\n<p>En conferencia de prensa, el <strong><span style=\"color: #003366;\">intendente<\/span> Alejandro Molero <\/strong>y la Virreina Nacional de la Vendimia, <span style=\"color: #003366;\"><strong>Sof\u00eda Perfumo<\/strong><\/span>, destacaron la importancia del evento tanto en lo cultural como en lo econ\u00f3mico.<\/p>\n<p><em><strong>\u201cVenimos trabajando desde el inicio de la gesti\u00f3n para posicionar a General Alvear dentro de la agenda nacional de grandes eventos. Este festival moviliza nuestra econom\u00eda, genera desarrollo para prestadores de servicios, comercios y toda la comunidad. Ya podemos decir que es un \u00e9xito\u201d<\/strong><\/em>, expres\u00f3 Molero.<\/p>\n<p>El jefe comunal remarc\u00f3 que se trata de un evento <strong>para toda la familia<\/strong>, con juegos para ni\u00f1os, espacios gastron\u00f3micos y actividades recreativas, adem\u00e1s de la variada grilla musical que incluye a <strong>Guasones, Los Caligaris, Estelares, Los Tipitos, Natalie P\u00e9rez, El Plan de la Mariposa, Gauchito Club<\/strong>, entre otros.<\/p>\n<p>Las <strong>entradas se venden a gran ritmo<\/strong> y ya se superaron las expectativas iniciales, con <strong>m\u00e1s de 2.000 tickets adquiridos fuera de Mendoza<\/strong>. Adem\u00e1s, la capacidad de alojamiento en el departamento se encuentra pr\u00e1cticamente colmada, lo que anticipa un fuerte impacto econ\u00f3mico positivo.<\/p>\n<p><strong><em>\u201cQueremos que sea una fiesta para disfrutar en familia. Los ni\u00f1os hasta 4 a\u00f1os ingresan gratis y en el caso de los residentes de General Alvear, la gratuidad se extiende hasta los 8 a\u00f1os presentando DNI en boleter\u00eda\u201d<\/em><\/strong>, detall\u00f3 Molero.<\/p>\n<p><a href=\"https:\/\/vinasfm.com\/noticias\/wp-content\/uploads\/2025\/09\/Imagen-de-WhatsApp-2025-09-04-a-las-12.06.27_b715d8a9.jpg\"><img loading=\"lazy\" decoding=\"async\" class=\"wp-image-152607 aligncenter\" src=\"https:\/\/vinasfm.com\/noticias\/wp-content\/uploads\/2025\/09\/Imagen-de-WhatsApp-2025-09-04-a-las-12.06.27_b715d8a9-819x1024.jpg\" alt=\"\" width=\"600\" height=\"750\" srcset=\"https:\/\/vinasfm.com\/noticias\/wp-content\/uploads\/2025\/09\/Imagen-de-WhatsApp-2025-09-04-a-las-12.06.27_b715d8a9-819x1024.jpg 819w, https:\/\/vinasfm.com\/noticias\/wp-content\/uploads\/2025\/09\/Imagen-de-WhatsApp-2025-09-04-a-las-12.06.27_b715d8a9-240x300.jpg 240w, https:\/\/vinasfm.com\/noticias\/wp-content\/uploads\/2025\/09\/Imagen-de-WhatsApp-2025-09-04-a-las-12.06.27_b715d8a9-768x960.jpg 768w, https:\/\/vinasfm.com\/noticias\/wp-content\/uploads\/2025\/09\/Imagen-de-WhatsApp-2025-09-04-a-las-12.06.27_b715d8a9.jpg 1024w\" sizes=\"auto, (max-width: 600px) 100vw, 600px\" \/><\/a><\/p>\n<p>Por su parte, Sof\u00eda Perfumo subray\u00f3 la importancia de que un evento de esta magnitud se realice en el departamento: <em><strong>\u201cSiempre nos toca viajar para ver artistas de este nivel y ahora tenemos la posibilidad de disfrutarlos en Alvear. Es una oportunidad para invitar a amigos, turistas y sentirnos orgullosos de nuestra tierra\u201d.<\/strong><\/em><\/p>\n<p>La organizaci\u00f3n prev\u00e9 adem\u00e1s un <strong>operativo especial de conductor designado<\/strong>, con controles y beneficios para quienes asuman ese rol, en pos de garantizar un desarrollo seguro del festival.<\/p>\n<p>La <em>Fiesta de la Cerveza del Sur Mendocino<\/em> promete convertirse en un <strong>evento de referencia regional<\/strong>, consolidando a General Alvear como un punto de encuentro cultural, tur\u00edstico y econ\u00f3mico en el calendario anual.<\/p>\n","protected":false},"excerpt":{"rendered":"<p>El pr\u00f3ximo 27 de septiembre, el Predio Ferial de General Alvear ser\u00e1 el epicentro de una de las celebraciones m\u00e1s esperadas &#8230;<\/p>\n","protected":false},"author":7,"featured_media":152608,"comment_status":"open","ping_status":"open","sticky":false,"template":"","format":"standard","meta":{"footnotes":""},"categories":[5,19],"tags":[],"class_list":["post-152606","post","type-post","status-publish","format-standard","has-post-thumbnail","hentry","category-actualidad","category-cultura"],"_links":{"self":[{"href":"https:\/\/vinasfm.com\/noticias\/wp-json\/wp\/v2\/posts\/152606","targetHints":{"allow":["GET"]}}],"collection":[{"href":"https:\/\/vinasfm.com\/noticias\/wp-json\/wp\/v2\/posts"}],"about":[{"href":"https:\/\/vinasfm.com\/noticias\/wp-json\/wp\/v2\/types\/post"}],"author":[{"embeddable":true,"href":"https:\/\/vinasfm.com\/noticias\/wp-json\/wp\/v2\/users\/7"}],"replies":[{"embeddable":true,"href":"https:\/\/vinasfm.com\/noticias\/wp-json\/wp\/v2\/comments?post=152606"}],"version-history":[{"count":1,"href":"https:\/\/vinasfm.com\/noticias\/wp-json\/wp\/v2\/posts\/152606\/revisions"}],"predecessor-version":[{"id":152609,"href":"https:\/\/vinasfm.com\/noticias\/wp-json\/wp\/v2\/posts\/152606\/revisions\/152609"}],"wp:featuredmedia":[{"embeddable":true,"href":"https:\/\/vinasfm.com\/noticias\/wp-json\/wp\/v2\/media\/152608"}],"wp:attachment":[{"href":"https:\/\/vinasfm.com\/noticias\/wp-json\/wp\/v2\/media?parent=152606"}],"wp:term":[{"taxonomy":"category","embeddable":true,"href":"https:\/\/vinasfm.com\/noticias\/wp-json\/wp\/v2\/categories?post=152606"},{"taxonomy":"post_tag","embeddable":true,"href":"https:\/\/vinasfm.com\/noticias\/wp-json\/wp\/v2\/tags?post=152606"}],"curies":[{"name":"wp","href":"https:\/\/api.w.org\/{rel}","templated":true}]}}