{"id":152596,"date":"2025-09-04T11:05:44","date_gmt":"2025-09-04T14:05:44","guid":{"rendered":"https:\/\/vinasfm.com\/noticias\/?p=152596"},"modified":"2025-09-05T09:53:16","modified_gmt":"2025-09-05T12:53:16","slug":"robo-en-un-comercio-de-villa-atuel-un-delincuente-sustrajo-100-000","status":"publish","type":"post","link":"https:\/\/vinasfm.com\/noticias\/robo-en-un-comercio-de-villa-atuel-un-delincuente-sustrajo-100-000\/","title":{"rendered":"ROBO EN UN COMERCIO DE VILLA ATUEL: UN DELINCUENTE SUSTRAJO $100.000"},"content":{"rendered":"<h4><span style=\"color: #003300;\"><strong>Un violento robo ocurri\u00f3 este jueves, alrededor de las 07:10 horas, en un comercio ubicado en la intersecci\u00f3n de Alberdi e Izuel, en Villa Atuel, jurisdicci\u00f3n de la Comisar\u00eda 26\u00b0.<\/strong><\/span><\/h4>\n<p>Seg\u00fan la denuncia, la propietaria del local, identificada como <strong>C.B.M. (33)<\/strong>, ingres\u00f3 al establecimiento y se encontr\u00f3 con el lugar desordenado, sorprendiendo a un hombre dentro del negocio. El delincuente la amenaz\u00f3 y le exigi\u00f3 dinero, tras lo cual <strong>sustrajo de la caja registradora una suma cercana a los $100.000<\/strong> para luego darse a la fuga.<\/p>\n<p>De acuerdo con las primeras pericias, el sujeto habr\u00eda ingresado al local tras <strong>forzar una reja y romper una ventana<\/strong>.<\/p>\n<p>La causa qued\u00f3 judicializada y el <strong>Ayudante Fiscal dispuso las medidas de rigor<\/strong> para avanzar en la investigaci\u00f3n y dar con el autor del hecho.<\/p>\n","protected":false},"excerpt":{"rendered":"<p>Un violento robo ocurri\u00f3 este jueves, alrededor de las 07:10 horas, en un comercio ubicado en la intersecci\u00f3n de Alberdi e &#8230;<\/p>\n","protected":false},"author":7,"featured_media":152597,"comment_status":"open","ping_status":"open","sticky":false,"template":"","format":"standard","meta":{"footnotes":""},"categories":[5,4],"tags":[],"class_list":["post-152596","post","type-post","status-publish","format-standard","has-post-thumbnail","hentry","category-actualidad","category-policiales"],"_links":{"self":[{"href":"https:\/\/vinasfm.com\/noticias\/wp-json\/wp\/v2\/posts\/152596","targetHints":{"allow":["GET"]}}],"collection":[{"href":"https:\/\/vinasfm.com\/noticias\/wp-json\/wp\/v2\/posts"}],"about":[{"href":"https:\/\/vinasfm.com\/noticias\/wp-json\/wp\/v2\/types\/post"}],"author":[{"embeddable":true,"href":"https:\/\/vinasfm.com\/noticias\/wp-json\/wp\/v2\/users\/7"}],"replies":[{"embeddable":true,"href":"https:\/\/vinasfm.com\/noticias\/wp-json\/wp\/v2\/comments?post=152596"}],"version-history":[{"count":1,"href":"https:\/\/vinasfm.com\/noticias\/wp-json\/wp\/v2\/posts\/152596\/revisions"}],"predecessor-version":[{"id":152598,"href":"https:\/\/vinasfm.com\/noticias\/wp-json\/wp\/v2\/posts\/152596\/revisions\/152598"}],"wp:featuredmedia":[{"embeddable":true,"href":"https:\/\/vinasfm.com\/noticias\/wp-json\/wp\/v2\/media\/152597"}],"wp:attachment":[{"href":"https:\/\/vinasfm.com\/noticias\/wp-json\/wp\/v2\/media?parent=152596"}],"wp:term":[{"taxonomy":"category","embeddable":true,"href":"https:\/\/vinasfm.com\/noticias\/wp-json\/wp\/v2\/categories?post=152596"},{"taxonomy":"post_tag","embeddable":true,"href":"https:\/\/vinasfm.com\/noticias\/wp-json\/wp\/v2\/tags?post=152596"}],"curies":[{"name":"wp","href":"https:\/\/api.w.org\/{rel}","templated":true}]}}