{"id":152593,"date":"2025-09-04T10:53:55","date_gmt":"2025-09-04T13:53:55","guid":{"rendered":"https:\/\/vinasfm.com\/noticias\/?p=152593"},"modified":"2025-09-05T09:48:06","modified_gmt":"2025-09-05T12:48:06","slug":"robaron-una-bicicleta-en-pleno-centro","status":"publish","type":"post","link":"https:\/\/vinasfm.com\/noticias\/robaron-una-bicicleta-en-pleno-centro\/","title":{"rendered":"ROBARON UNA BICICLETA EN PLENO CENTRO"},"content":{"rendered":"<h4><span style=\"color: #003300;\"><strong>Este mi\u00e9rcoles, alrededor de las 19:50 horas, un hombre de 29 a\u00f1os denunci\u00f3 el robo de su bicicleta en la intersecci\u00f3n de Avenida Alvear Oeste y Buenos Aires, en pleno centro de General Alvear.<\/strong><\/span><\/h4>\n<p>De acuerdo al testimonio de la v\u00edctima, identificada como <strong>E.H.G.<\/strong>, la bicicleta sustra\u00edda es una <strong>todo terreno marca Bolta, rodado 29, color gris con l\u00edneas rojas<\/strong>, la cual hab\u00eda dejado sin medidas de seguridad en la vereda de un comercio de la zona.<\/p>\n<p>La denuncia fue radicada en la <strong>Comisar\u00eda 14\u00b0<\/strong>, desde donde se inform\u00f3 que la <strong>Fiscal\u00eda dispuso el inicio del procedimiento correspondiente<\/strong> junto con las medidas de rigor para intentar dar con el rodado y esclarecer el hecho.<\/p>\n<p>&nbsp;<\/p>\n","protected":false},"excerpt":{"rendered":"<p>Este mi\u00e9rcoles, alrededor de las 19:50 horas, un hombre de 29 a\u00f1os denunci\u00f3 el robo de su bicicleta en la intersecci\u00f3n &#8230;<\/p>\n","protected":false},"author":7,"featured_media":152594,"comment_status":"open","ping_status":"open","sticky":false,"template":"","format":"standard","meta":{"footnotes":""},"categories":[5,4],"tags":[],"class_list":["post-152593","post","type-post","status-publish","format-standard","has-post-thumbnail","hentry","category-actualidad","category-policiales"],"_links":{"self":[{"href":"https:\/\/vinasfm.com\/noticias\/wp-json\/wp\/v2\/posts\/152593","targetHints":{"allow":["GET"]}}],"collection":[{"href":"https:\/\/vinasfm.com\/noticias\/wp-json\/wp\/v2\/posts"}],"about":[{"href":"https:\/\/vinasfm.com\/noticias\/wp-json\/wp\/v2\/types\/post"}],"author":[{"embeddable":true,"href":"https:\/\/vinasfm.com\/noticias\/wp-json\/wp\/v2\/users\/7"}],"replies":[{"embeddable":true,"href":"https:\/\/vinasfm.com\/noticias\/wp-json\/wp\/v2\/comments?post=152593"}],"version-history":[{"count":1,"href":"https:\/\/vinasfm.com\/noticias\/wp-json\/wp\/v2\/posts\/152593\/revisions"}],"predecessor-version":[{"id":152595,"href":"https:\/\/vinasfm.com\/noticias\/wp-json\/wp\/v2\/posts\/152593\/revisions\/152595"}],"wp:featuredmedia":[{"embeddable":true,"href":"https:\/\/vinasfm.com\/noticias\/wp-json\/wp\/v2\/media\/152594"}],"wp:attachment":[{"href":"https:\/\/vinasfm.com\/noticias\/wp-json\/wp\/v2\/media?parent=152593"}],"wp:term":[{"taxonomy":"category","embeddable":true,"href":"https:\/\/vinasfm.com\/noticias\/wp-json\/wp\/v2\/categories?post=152593"},{"taxonomy":"post_tag","embeddable":true,"href":"https:\/\/vinasfm.com\/noticias\/wp-json\/wp\/v2\/tags?post=152593"}],"curies":[{"name":"wp","href":"https:\/\/api.w.org\/{rel}","templated":true}]}}