{"id":152586,"date":"2025-09-04T10:20:12","date_gmt":"2025-09-04T13:20:12","guid":{"rendered":"https:\/\/vinasfm.com\/noticias\/?p=152586"},"modified":"2025-09-05T09:13:50","modified_gmt":"2025-09-05T12:13:50","slug":"los-puestos-de-diarios-ofreceran-servicios-de-paqueteria-y-entrega-de-documentos","status":"publish","type":"post","link":"https:\/\/vinasfm.com\/noticias\/los-puestos-de-diarios-ofreceran-servicios-de-paqueteria-y-entrega-de-documentos\/","title":{"rendered":"LOS PUESTOS DE DIARIOS OFRECER\u00c1N SERVICIOS DE PAQUETER\u00cdA Y ENTREGA DE DOCUMENTOS"},"content":{"rendered":"<article class=\"article-body first\">\n<div class=\"article-content\">\n<div class=\"cuerpo\" data-twitter-link=\"\">\n<p>El presidente\u00a0<strong>Javier Milei<\/strong>\u00a0derog\u00f3 mediante un decreto el r\u00e9gimen jur\u00eddico \u201cde los\u00a0<strong>canillitas<\/strong>\u201d que reg\u00eda para la\u00a0<strong>venta y distribuci\u00f3n de diarios<\/strong>, revistas en la v\u00eda p\u00fablica y le habilit\u00f3 nuevos servicios, entre ellos la de entregar correspondencia, papeler\u00eda, paqueter\u00eda y productos adquiridos por\u00a0<strong><a href=\"https:\/\/www.diariouno.com.ar\/tags\/comercio-electronico\" target=\"_blank\" rel=\"follow noopener\">comercio electr\u00f3nico<\/a><\/strong>, as\u00ed como documentos como tarjetas de cr\u00e9dito y pasaportes.<\/p>\n<\/div>\n<\/div>\n<\/article>\n<article class=\"article-body\">\n<div class=\"article-content\">\n<div class=\"cuerpo\" data-twitter-link=\"\">\n<p>El r\u00e9gimen jur\u00eddico que reg\u00eda desde el a\u00f1o 2000. Con el nuevo decreto, dentro del marco de pol\u00edticas de\u00a0<strong>desregulaci\u00f3n econ\u00f3mica<\/strong>, el Gobierno justific\u00f3 la medida al considerar que el r\u00e9gimen vigente de los\u00a0<strong>canillitas<\/strong>\u00a0es \u201cobsoleto\u201d, \u201cinnecesario\u201d y genera \u201climitaciones que afectan a los actores que intervienen en dicha actividad\u201d.<\/p>\n<p>Tambi\u00e9n se\u00f1al\u00f3 que con este cambio se incentiva la\u00a0<strong>libre competencia y la igualdad ante la ley<\/strong>, al reconocer el derecho de otros interesados a participar en un mercado abierto.<\/p>\n<\/div>\n<\/div>\n<\/article>\n<article class=\"article-body third-p\">\n<div class=\"article-content\">\n<div class=\"cuerpo\" data-twitter-link=\"\">\n<h2>El decreto que desregula a los canillitas<\/h2>\n<p><a href=\"https:\/\/www.boletinoficial.gob.ar\/detalleAviso\/primera\/330797\/20250904\" target=\"_blank\" rel=\"follow noopener\">El\u00a0<strong>Decreto<\/strong>\u00a0629\/2025, publicado este jueves en el Bolet\u00edn Oficial<\/a>, elimina el Decreto 1025\/2000 y su modificatorio, al considerar que impone restricciones innecesarias a la actividad y distorsiona los<strong>\u00a0precios de mercado<\/strong>.<\/p>\n<p>Tambi\u00e9n disuelven el Registro Nacional de Vendedores y\u00a0<strong>Distribuidores de Diarios y Revistas<\/strong>\u00a0creado por el decreto ahora derogado.<\/p>\n<p>El texto argumenta que la medida busca \u201cpromover la libre iniciativa privada y la interacci\u00f3n espont\u00e1nea de la oferta y la demanda\u201d, en l\u00ednea con los principios constitucionales de libre circulaci\u00f3n de bienes, servicios y trabajo.<\/p>\n<p>A partir de la nueva normativa, la\u00a0<strong>actividad de los canillitas en la venta de diarios<\/strong>\u00a0y revistas se regir\u00e1 por el C\u00f3digo Civil y Comercial de la Naci\u00f3n y las normas locales que resulten aplicables.<\/p>\n<p>Con los cambios los canillitas en sus paradas de diarios podr\u00e1n ofrecer\u00a0<strong>servicios<\/strong>\u00a0de casilla de correo, previa inscripci\u00f3n como operador postal ante el Ente Nacional de Comunicaciones (ENACOM), o mediante un acuerdo con un operador autorizado. Esto les permitir\u00e1 entregar\u00a0<strong>correspondencia, papeler\u00eda, paqueter\u00eda<\/strong>\u00a0y productos adquiridos por\u00a0<strong>comercio electr\u00f3nico<\/strong>, as\u00ed como documentos como tarjetas de cr\u00e9dito y pasaportes.<\/p>\n<h6>Fuente: Diario Uno<\/h6>\n<\/div>\n<\/div>\n<\/article>\n","protected":false},"excerpt":{"rendered":"<p>El presidente\u00a0Javier Milei\u00a0derog\u00f3 mediante un decreto el r\u00e9gimen jur\u00eddico \u201cde los\u00a0canillitas\u201d que reg\u00eda para la\u00a0venta y distribuci\u00f3n de diarios, revistas en &#8230;<\/p>\n","protected":false},"author":7,"featured_media":152587,"comment_status":"open","ping_status":"open","sticky":false,"template":"","format":"standard","meta":{"footnotes":""},"categories":[5,10],"tags":[],"class_list":["post-152586","post","type-post","status-publish","format-standard","has-post-thumbnail","hentry","category-actualidad","category-destacadas"],"_links":{"self":[{"href":"https:\/\/vinasfm.com\/noticias\/wp-json\/wp\/v2\/posts\/152586","targetHints":{"allow":["GET"]}}],"collection":[{"href":"https:\/\/vinasfm.com\/noticias\/wp-json\/wp\/v2\/posts"}],"about":[{"href":"https:\/\/vinasfm.com\/noticias\/wp-json\/wp\/v2\/types\/post"}],"author":[{"embeddable":true,"href":"https:\/\/vinasfm.com\/noticias\/wp-json\/wp\/v2\/users\/7"}],"replies":[{"embeddable":true,"href":"https:\/\/vinasfm.com\/noticias\/wp-json\/wp\/v2\/comments?post=152586"}],"version-history":[{"count":1,"href":"https:\/\/vinasfm.com\/noticias\/wp-json\/wp\/v2\/posts\/152586\/revisions"}],"predecessor-version":[{"id":152588,"href":"https:\/\/vinasfm.com\/noticias\/wp-json\/wp\/v2\/posts\/152586\/revisions\/152588"}],"wp:featuredmedia":[{"embeddable":true,"href":"https:\/\/vinasfm.com\/noticias\/wp-json\/wp\/v2\/media\/152587"}],"wp:attachment":[{"href":"https:\/\/vinasfm.com\/noticias\/wp-json\/wp\/v2\/media?parent=152586"}],"wp:term":[{"taxonomy":"category","embeddable":true,"href":"https:\/\/vinasfm.com\/noticias\/wp-json\/wp\/v2\/categories?post=152586"},{"taxonomy":"post_tag","embeddable":true,"href":"https:\/\/vinasfm.com\/noticias\/wp-json\/wp\/v2\/tags?post=152586"}],"curies":[{"name":"wp","href":"https:\/\/api.w.org\/{rel}","templated":true}]}}