{"id":152583,"date":"2025-09-03T20:58:09","date_gmt":"2025-09-03T23:58:09","guid":{"rendered":"https:\/\/vinasfm.com\/noticias\/?p=152583"},"modified":"2025-09-04T10:20:10","modified_gmt":"2025-09-04T13:20:10","slug":"una-docente-de-25-de-mayo-viajaba-a-dar-clases-a-puelen-y-se-accidento-en-ruta-nacional-151","status":"publish","type":"post","link":"https:\/\/vinasfm.com\/noticias\/una-docente-de-25-de-mayo-viajaba-a-dar-clases-a-puelen-y-se-accidento-en-ruta-nacional-151\/","title":{"rendered":"UNA DOCENTE DE 25 DE MAYO VIAJABA A DAR CLASES A PUEL\u00c9N Y SE ACCIDENT\u00d3 EN RUTA NACIONAL 151"},"content":{"rendered":"<div class=\"x14z9mp xat24cr x1lziwak x1vvkbs xtlvy1s x126k92a\">\n<h4 dir=\"auto\"><strong><span style=\"color: #003300;\">Un accidente de tr\u00e1nsito se registr\u00f3 esta tarde en el kil\u00f3metro 184 de la Ruta Nacional N\u00b0 151, involucrando a un autom\u00f3vil Volkswagen Gol y una camioneta, ambos veh\u00edculos con trayectos opuestos.<\/span><\/strong><\/h4>\n<\/div>\n<div class=\"x14z9mp xat24cr x1lziwak x1vvkbs xtlvy1s x126k92a\">\n<div dir=\"auto\">El VW Gol, conducido por una docente que se dirig\u00eda desde 25 de Mayo hacia Puel\u00e9n para dictar clases, colision\u00f3 con una camioneta que ven\u00eda desde Victorica con destino a A\u00f1elo.<\/div>\n<\/div>\n<div class=\"x14z9mp xat24cr x1lziwak x1vvkbs xtlvy1s x126k92a\">\n<div dir=\"auto\"><\/div>\n<div dir=\"auto\"><strong>Como resultado del impacto, ambos conductores sufrieron lesiones de diversa consideraci\u00f3n y fueron trasladados al Hospital Jorge Ahuad de 25 de Mayo, donde reciben atenci\u00f3n m\u00e9dica.<\/strong><\/div>\n<\/div>\n<div class=\"x14z9mp xat24cr x1lziwak x1vvkbs xtlvy1s x126k92a\">\n<div dir=\"auto\"><\/div>\n<div dir=\"auto\">Las causas del accidente a\u00fan son materia de investigaci\u00f3n por parte de las autoridades viales.<\/div>\n<\/div>\n","protected":false},"excerpt":{"rendered":"<p>Un accidente de tr\u00e1nsito se registr\u00f3 esta tarde en el kil\u00f3metro 184 de la Ruta Nacional N\u00b0 151, involucrando a un &#8230;<\/p>\n","protected":false},"author":7,"featured_media":152584,"comment_status":"open","ping_status":"open","sticky":false,"template":"","format":"standard","meta":{"footnotes":""},"categories":[5,4],"tags":[],"class_list":["post-152583","post","type-post","status-publish","format-standard","has-post-thumbnail","hentry","category-actualidad","category-policiales"],"_links":{"self":[{"href":"https:\/\/vinasfm.com\/noticias\/wp-json\/wp\/v2\/posts\/152583","targetHints":{"allow":["GET"]}}],"collection":[{"href":"https:\/\/vinasfm.com\/noticias\/wp-json\/wp\/v2\/posts"}],"about":[{"href":"https:\/\/vinasfm.com\/noticias\/wp-json\/wp\/v2\/types\/post"}],"author":[{"embeddable":true,"href":"https:\/\/vinasfm.com\/noticias\/wp-json\/wp\/v2\/users\/7"}],"replies":[{"embeddable":true,"href":"https:\/\/vinasfm.com\/noticias\/wp-json\/wp\/v2\/comments?post=152583"}],"version-history":[{"count":1,"href":"https:\/\/vinasfm.com\/noticias\/wp-json\/wp\/v2\/posts\/152583\/revisions"}],"predecessor-version":[{"id":152585,"href":"https:\/\/vinasfm.com\/noticias\/wp-json\/wp\/v2\/posts\/152583\/revisions\/152585"}],"wp:featuredmedia":[{"embeddable":true,"href":"https:\/\/vinasfm.com\/noticias\/wp-json\/wp\/v2\/media\/152584"}],"wp:attachment":[{"href":"https:\/\/vinasfm.com\/noticias\/wp-json\/wp\/v2\/media?parent=152583"}],"wp:term":[{"taxonomy":"category","embeddable":true,"href":"https:\/\/vinasfm.com\/noticias\/wp-json\/wp\/v2\/categories?post=152583"},{"taxonomy":"post_tag","embeddable":true,"href":"https:\/\/vinasfm.com\/noticias\/wp-json\/wp\/v2\/tags?post=152583"}],"curies":[{"name":"wp","href":"https:\/\/api.w.org\/{rel}","templated":true}]}}