{"id":152574,"date":"2025-09-04T09:09:07","date_gmt":"2025-09-04T12:09:07","guid":{"rendered":"https:\/\/vinasfm.com\/noticias\/?p=152574"},"modified":"2025-09-04T09:09:07","modified_gmt":"2025-09-04T12:09:07","slug":"marcolini-confirmo-la-reactivacion-del-gasoducto-y-destaco-avances-en-el-edificio-de-ugacoop","status":"publish","type":"post","link":"https:\/\/vinasfm.com\/noticias\/marcolini-confirmo-la-reactivacion-del-gasoducto-y-destaco-avances-en-el-edificio-de-ugacoop\/","title":{"rendered":"MARCOLINI CONFIRM\u00d3 LA REACTIVACI\u00d3N DEL GASODUCTO Y DESTAC\u00d3 AVANCES EN EL EDIFICIO DE UGACOOP"},"content":{"rendered":"<p><span style=\"color: #003300;\"><strong>El senador provincial Walther Marcolini dialog\u00f3 con FM VI\u00d1AS y confirm\u00f3 que la pr\u00f3xima semana se firmar\u00e1 el acta definitiva para el reinicio de la obra del gasoducto que une La Mora con San Rafael, una infraestructura clave para el sur mendocino.<\/strong><\/span><\/p>\n<p><strong><em>\u201cEst\u00e1 corroborado que el 87% de la obra ya est\u00e1 ejecutado. Con la transferencia de fondos a la Naci\u00f3n y al municipio de San Rafael, se podr\u00e1 continuar y finalizar el proyecto\u201d<\/em><\/strong>, explic\u00f3 el legislador. Seg\u00fan adelant\u00f3, en noviembre y diciembre se realizar\u00e1 una inspecci\u00f3n a cargo de <em>ECOGAS<\/em>, mientras que la inspecci\u00f3n final de <em>GASANDES<\/em> est\u00e1 prevista para abril de 2026. <em><strong>\u201cEso permitir\u00eda que el pr\u00f3ximo invierno los usuarios, las familias y la industria ya puedan utilizar el gas\u201d<\/strong><\/em>, agreg\u00f3.<\/p>\n<p>Marcolini destac\u00f3 adem\u00e1s que la obra permitir\u00e1 m\u00e1s de <strong>7.000 nuevas conexiones en General Alvear y San Rafael<\/strong>, lo que significar\u00e1 un fuerte impacto en la calidad de vida de los vecinos y en la competitividad de las pymes de la regi\u00f3n.<\/p>\n<p>El senador tambi\u00e9n se refiri\u00f3 al desarrollo del edificio de <strong>UGACOOP<\/strong>, que ya cuenta con sus primeras etapas finalizadas gracias al esfuerzo conjunto de instituciones, cooperativas y vecinos:<br \/>\n<strong><em>\u201cLo m\u00e1s valioso es que ha sido un proyecto colectivo, en el que el 99,5% de los alvearenses colaboraron a trav\u00e9s del peque\u00f1o aporte en la factura de electricidad. Ese esfuerzo permiti\u00f3 levantar aulas y laboratorios que incluso fueron fundamentales en la pandemia\u201d.<\/em><\/strong><\/p>\n<p>En ese sentido, valor\u00f3 el compromiso del gobernador <span style=\"color: #003366;\"><strong>Alfredo Cornejo<\/strong><\/span> de avanzar con la <strong>tercera etapa del edificio<\/strong>, que incluye dos bloques de aulas, un bloque de ciencias y un sal\u00f3n de usos m\u00faltiples, con una inversi\u00f3n estimada en 2.500 millones de pesos prevista para el presupuesto 2026.<\/p>\n<p>Finalmente, Marcolini remarc\u00f3 que su objetivo es seguir trabajando para que el departamento pueda contar con una <strong>universidad propia<\/strong> hacia 2030: <em><strong>\u201cEs fundamental que nuestros j\u00f3venes tengan una amplia oferta acad\u00e9mica en Alvear y no deban irse. La educaci\u00f3n es la mejor herramienta para el futuro\u201d.<\/strong><\/em><\/p>\n","protected":false},"excerpt":{"rendered":"<p>El senador provincial Walther Marcolini dialog\u00f3 con FM VI\u00d1AS y confirm\u00f3 que la pr\u00f3xima semana se firmar\u00e1 el acta definitiva para &#8230;<\/p>\n","protected":false},"author":7,"featured_media":152575,"comment_status":"open","ping_status":"open","sticky":false,"template":"","format":"standard","meta":{"footnotes":""},"categories":[1],"tags":[],"class_list":["post-152574","post","type-post","status-publish","format-standard","has-post-thumbnail","hentry","category-fmvinas"],"_links":{"self":[{"href":"https:\/\/vinasfm.com\/noticias\/wp-json\/wp\/v2\/posts\/152574","targetHints":{"allow":["GET"]}}],"collection":[{"href":"https:\/\/vinasfm.com\/noticias\/wp-json\/wp\/v2\/posts"}],"about":[{"href":"https:\/\/vinasfm.com\/noticias\/wp-json\/wp\/v2\/types\/post"}],"author":[{"embeddable":true,"href":"https:\/\/vinasfm.com\/noticias\/wp-json\/wp\/v2\/users\/7"}],"replies":[{"embeddable":true,"href":"https:\/\/vinasfm.com\/noticias\/wp-json\/wp\/v2\/comments?post=152574"}],"version-history":[{"count":1,"href":"https:\/\/vinasfm.com\/noticias\/wp-json\/wp\/v2\/posts\/152574\/revisions"}],"predecessor-version":[{"id":152576,"href":"https:\/\/vinasfm.com\/noticias\/wp-json\/wp\/v2\/posts\/152574\/revisions\/152576"}],"wp:featuredmedia":[{"embeddable":true,"href":"https:\/\/vinasfm.com\/noticias\/wp-json\/wp\/v2\/media\/152575"}],"wp:attachment":[{"href":"https:\/\/vinasfm.com\/noticias\/wp-json\/wp\/v2\/media?parent=152574"}],"wp:term":[{"taxonomy":"category","embeddable":true,"href":"https:\/\/vinasfm.com\/noticias\/wp-json\/wp\/v2\/categories?post=152574"},{"taxonomy":"post_tag","embeddable":true,"href":"https:\/\/vinasfm.com\/noticias\/wp-json\/wp\/v2\/tags?post=152574"}],"curies":[{"name":"wp","href":"https:\/\/api.w.org\/{rel}","templated":true}]}}