{"id":152573,"date":"2025-09-04T09:25:12","date_gmt":"2025-09-04T12:25:12","guid":{"rendered":"https:\/\/vinasfm.com\/noticias\/?p=152573"},"modified":"2025-09-04T09:33:38","modified_gmt":"2025-09-04T12:33:38","slug":"se-vienen-actividades-en-conmemoracion-al-dia-nacional-del-scout","status":"publish","type":"post","link":"https:\/\/vinasfm.com\/noticias\/se-vienen-actividades-en-conmemoracion-al-dia-nacional-del-scout\/","title":{"rendered":"SE VIENEN ACTIVIDADES EN CONMEMORACI\u00d3N AL D\u00cdA NACIONAL DEL SCOUT"},"content":{"rendered":"<h4><strong>El pr\u00f3ximo s\u00e1bado 6 de septiembre, a las 15:30 horas, se llevar\u00e1 a cabo la inauguraci\u00f3n de un monumento dedicado a los grupos Scout de nuestro departamento.\u00a0<\/strong><\/h4>\n<p>La iniciativa, impulsada por<strong><span style=\"color: #800080;\"> Cacho Caviazo<\/span><\/strong> y acompa\u00f1ada por la comunidad, ser\u00e1 en la entrada del Club Banco Naci\u00f3n, un espacio emblem\u00e1tico para la historia de este movimiento.<\/p>\n<p>El pr\u00f3ximo 5 de septiembre se celebra el <strong><span style=\"color: #800080;\">D\u00eda Nacional del Scout<\/span><\/strong> en conmemoraci\u00f3n de la fundaci\u00f3n de Scouting en el pa\u00eds y de las buenas acciones que realizan los j\u00f3venes scouts.<\/p>\n<p data-start=\"1138\" data-end=\"1498\">La obra presenta la imagen de un <strong><span style=\"color: #800080;\">Scout arrodillado<\/span><\/strong>, s\u00edmbolo caracter\u00edstico del <strong><span style=\"color: #800080;\">Grupo San Jos\u00e9<\/span><\/strong> y emblema de los valores de compromiso y servicio que inspiran a este movimiento en todo el pa\u00eds. La escultura, realizada principalmente en metal, estar\u00e1 orientada hacia el Nevado, en referencia a las experiencias de monta\u00f1ismo que tantos integrantes han compartido.<\/p>\n<p data-start=\"1500\" data-end=\"1822\">Adem\u00e1s, el espacio fue acondicionado recientemente con bancos, m\u00e1stiles para las banderas y trabajos de pintura realizados con la colaboraci\u00f3n de la Municipalidad y del propio Club Banco Naci\u00f3n. Una de las banderas que se izar\u00e1 fue donada por el <strong><span style=\"color: #800080;\">M<\/span><span style=\"color: #800080;\">inistro de Defensa<\/span><\/strong>, <strong><span style=\"color: #800080;\">Luis Petri<\/span><\/strong>, y se destaca por sus grandes dimensiones.<\/p>\n<p data-start=\"2114\" data-end=\"2321\">\n","protected":false},"excerpt":{"rendered":"<p>El pr\u00f3ximo s\u00e1bado 6 de septiembre, a las 15:30 horas, se llevar\u00e1 a cabo la inauguraci\u00f3n de un monumento dedicado a &#8230;<\/p>\n","protected":false},"author":7,"featured_media":152579,"comment_status":"open","ping_status":"open","sticky":false,"template":"","format":"standard","meta":{"footnotes":""},"categories":[1],"tags":[],"class_list":["post-152573","post","type-post","status-publish","format-standard","has-post-thumbnail","hentry","category-fmvinas"],"_links":{"self":[{"href":"https:\/\/vinasfm.com\/noticias\/wp-json\/wp\/v2\/posts\/152573","targetHints":{"allow":["GET"]}}],"collection":[{"href":"https:\/\/vinasfm.com\/noticias\/wp-json\/wp\/v2\/posts"}],"about":[{"href":"https:\/\/vinasfm.com\/noticias\/wp-json\/wp\/v2\/types\/post"}],"author":[{"embeddable":true,"href":"https:\/\/vinasfm.com\/noticias\/wp-json\/wp\/v2\/users\/7"}],"replies":[{"embeddable":true,"href":"https:\/\/vinasfm.com\/noticias\/wp-json\/wp\/v2\/comments?post=152573"}],"version-history":[{"count":1,"href":"https:\/\/vinasfm.com\/noticias\/wp-json\/wp\/v2\/posts\/152573\/revisions"}],"predecessor-version":[{"id":152577,"href":"https:\/\/vinasfm.com\/noticias\/wp-json\/wp\/v2\/posts\/152573\/revisions\/152577"}],"wp:featuredmedia":[{"embeddable":true,"href":"https:\/\/vinasfm.com\/noticias\/wp-json\/wp\/v2\/media\/152579"}],"wp:attachment":[{"href":"https:\/\/vinasfm.com\/noticias\/wp-json\/wp\/v2\/media?parent=152573"}],"wp:term":[{"taxonomy":"category","embeddable":true,"href":"https:\/\/vinasfm.com\/noticias\/wp-json\/wp\/v2\/categories?post=152573"},{"taxonomy":"post_tag","embeddable":true,"href":"https:\/\/vinasfm.com\/noticias\/wp-json\/wp\/v2\/tags?post=152573"}],"curies":[{"name":"wp","href":"https:\/\/api.w.org\/{rel}","templated":true}]}}