{"id":152570,"date":"2025-09-04T08:49:47","date_gmt":"2025-09-04T11:49:47","guid":{"rendered":"https:\/\/vinasfm.com\/noticias\/?p=152570"},"modified":"2025-09-04T11:50:12","modified_gmt":"2025-09-04T14:50:12","slug":"queres-ser-especialista-en-ciberdelitos-comienza-la-segunda-edicion-del-curso-internacional-con-clase-abierta-y-gratuita","status":"publish","type":"post","link":"https:\/\/vinasfm.com\/noticias\/queres-ser-especialista-en-ciberdelitos-comienza-la-segunda-edicion-del-curso-internacional-con-clase-abierta-y-gratuita\/","title":{"rendered":"\u00bfQUER\u00c9S SER ESPECIALISTA EN CIBERDELITOS?: COMIENZA LA SEGUNDA EDICI\u00d3N DEL CURSO INTERNACIONAL CON CLASE ABIERTA Y GRATUITA"},"content":{"rendered":"<h4><span style=\"color: #003300;\"><strong>La Provincia abre la segunda edici\u00f3n del Curso Internacional de Especializaci\u00f3n en Ciberdelitos y Evidencia Digital, con una clase inaugural gratuita. Se dictar\u00e1 el jueves 4, de 18 a 20, v\u00eda Zoom. Cuenta con certificaci\u00f3n de la Boston University y busca profesionalizar a polic\u00edas, fiscales y ciudadanos en la prevenci\u00f3n y la investigaci\u00f3n de delitos inform\u00e1ticos.<\/strong><\/span><\/h4>\n<p>El <strong>Ministerio de Seguridad y Justicia<\/strong>, y el <strong>Ministerio P\u00fablico Fiscal<\/strong> lanzan la segunda edici\u00f3n del <strong>Curso Internacional en Ciberdelitos y Evidencia Digital<\/strong>. La propuesta, organizada con el laboratorio de <strong>Lucha contra el Ciberdelito y Fortalecimiento de las Nuevas Tecnolog\u00edas<\/strong> <em>(Cliclex)<\/em> y en colaboraci\u00f3n con el\u00a0<strong>Center for Cybercrime Investigation &amp; Cybersecurity<\/strong>,\u00a0de la <strong>Universidad de Boston<\/strong><em> (Estados Unidos)<\/em>, posiciona a Mendoza como referente nacional en formaci\u00f3n en ciberseguridad.<\/p>\n<p>La capacitaci\u00f3n se desarrollar\u00e1 en modalidad virtual durante cuatro meses y est\u00e1 dirigida a polic\u00edas, fiscales, personal judicial, abogados, estudiantes y ciudadanos interesados en adquirir herramientas para prevenir y abordar delitos inform\u00e1ticos. El programa combina teor\u00eda y pr\u00e1ctica, desde el tratamiento de la evidencia digital hasta el an\u00e1lisis del impacto de las nuevas tecnolog\u00edas en el delito.<\/p>\n<h2><strong>Clase inaugural gratuita<\/strong><\/h2>\n<p>Como antesala al inicio del curso se dictar\u00e1 una clase introductoria y gratuita el jueves 4, de 18 a 20, a trav\u00e9s de la plataforma Zoom. El encuentro estar\u00e1 abierto a todos los interesados y funcionar\u00e1 como un primer acercamiento a los contenidos de la especializaci\u00f3n.<\/p>\n<p>Quienes deseen participar podr\u00e1n unirse al grupo de\u00a0<a href=\"https:\/\/chat.whatsapp.com\/DiFJByTS3AA3j2VPs7wJBS?mode=ems_share_c\" data-type=\"URL\" data-id=\"https:\/\/chat.whatsapp.com\/DiFJByTS3AA3j2VPs7wJBS?mode=ems_share_c\">whatsapp oficial<\/a>\u00a0donde se compartir\u00e1 el acceso a la jornada.<\/p>\n<h3><strong>Apuesta estrat\u00e9gica<\/strong><\/h3>\n<p>La formaci\u00f3n busca responder a la creciente demanda de profesionales capacitados para enfrentar un fen\u00f3meno delictivo que evoluciona de manera acelerada.<strong> Seg\u00fan estad\u00edsticas internacionales, cada persona deja en promedio 5.000 rastros digitales por d\u00eda, mientras que se registra un intento de ataque cibern\u00e9tico cada 29 segundos en alguna parte del mundo.<\/strong><\/p>\n<p>En su primera edici\u00f3n, el curso reuni\u00f3 a polic\u00edas (50 % de los participantes), abogados y fiscales (30 %), y profesionales de otras \u00e1reas (20 %), fortaleciendo as\u00ed la capacidad interdisciplinaria para investigar y judicializar delitos inform\u00e1ticos.<\/p>\n","protected":false},"excerpt":{"rendered":"<p>La Provincia abre la segunda edici\u00f3n del Curso Internacional de Especializaci\u00f3n en Ciberdelitos y Evidencia Digital, con una clase inaugural gratuita. &#8230;<\/p>\n","protected":false},"author":7,"featured_media":152571,"comment_status":"open","ping_status":"open","sticky":false,"template":"","format":"standard","meta":{"footnotes":""},"categories":[5,18],"tags":[],"class_list":["post-152570","post","type-post","status-publish","format-standard","has-post-thumbnail","hentry","category-actualidad","category-educacion"],"_links":{"self":[{"href":"https:\/\/vinasfm.com\/noticias\/wp-json\/wp\/v2\/posts\/152570","targetHints":{"allow":["GET"]}}],"collection":[{"href":"https:\/\/vinasfm.com\/noticias\/wp-json\/wp\/v2\/posts"}],"about":[{"href":"https:\/\/vinasfm.com\/noticias\/wp-json\/wp\/v2\/types\/post"}],"author":[{"embeddable":true,"href":"https:\/\/vinasfm.com\/noticias\/wp-json\/wp\/v2\/users\/7"}],"replies":[{"embeddable":true,"href":"https:\/\/vinasfm.com\/noticias\/wp-json\/wp\/v2\/comments?post=152570"}],"version-history":[{"count":1,"href":"https:\/\/vinasfm.com\/noticias\/wp-json\/wp\/v2\/posts\/152570\/revisions"}],"predecessor-version":[{"id":152572,"href":"https:\/\/vinasfm.com\/noticias\/wp-json\/wp\/v2\/posts\/152570\/revisions\/152572"}],"wp:featuredmedia":[{"embeddable":true,"href":"https:\/\/vinasfm.com\/noticias\/wp-json\/wp\/v2\/media\/152571"}],"wp:attachment":[{"href":"https:\/\/vinasfm.com\/noticias\/wp-json\/wp\/v2\/media?parent=152570"}],"wp:term":[{"taxonomy":"category","embeddable":true,"href":"https:\/\/vinasfm.com\/noticias\/wp-json\/wp\/v2\/categories?post=152570"},{"taxonomy":"post_tag","embeddable":true,"href":"https:\/\/vinasfm.com\/noticias\/wp-json\/wp\/v2\/tags?post=152570"}],"curies":[{"name":"wp","href":"https:\/\/api.w.org\/{rel}","templated":true}]}}