{"id":152565,"date":"2025-09-04T08:29:58","date_gmt":"2025-09-04T11:29:58","guid":{"rendered":"https:\/\/vinasfm.com\/noticias\/?p=152565"},"modified":"2025-09-04T08:29:58","modified_gmt":"2025-09-04T11:29:58","slug":"la-oferta-educativa-reunio-a-cientos-de-jovenes-y-se-lanzo-la-oferta-online","status":"publish","type":"post","link":"https:\/\/vinasfm.com\/noticias\/la-oferta-educativa-reunio-a-cientos-de-jovenes-y-se-lanzo-la-oferta-online\/","title":{"rendered":"LA OFERTA EDUCATIVA REUNI\u00d3 A CIENTOS DE J\u00d3VENES Y SE LANZ\u00d3 LA OFERTA ONLINE"},"content":{"rendered":"<h4><span style=\"color: #003300;\"><strong>Con un marco imponente de estudiantes que colmaron el predio de Ugacoop, se llev\u00f3 a cabo una nueva edici\u00f3n de la Oferta Educativa que organiza cada a\u00f1o la C\u00e1mara Joven, de la C\u00e1mara de Comercio de Alvear.<\/strong><\/span><\/h4>\n<p>Una vez m\u00e1s, el evento se consolid\u00f3 como uno de los espacios importantes para la juventud del departamento y de la regi\u00f3n que<strong> buscan un futuro pr\u00f3spero, con una propuesta que reuni\u00f3 m\u00e1s de 100 opciones acad\u00e9micas entre carreras universitarias, tecnicaturas, cursos de capacitaci\u00f3n y pos t\u00edtulos.<\/strong><\/p>\n<p>La jornada cont\u00f3 con la participaci\u00f3n de numerosas instituciones educativas que se sumaron para brindar informaci\u00f3n a cientos de alumnos que cursan el \u00faltimo a\u00f1o de la escuela secundaria y que buscan definir su futuro acad\u00e9mico y profesional.<\/p>\n<p><strong>Como novedad en este 2025, la C\u00e1mara de Alvear fue un paso m\u00e1s all\u00e1 y lanz\u00f3 la Oferta Educativa online. Una web con toda la informaci\u00f3n disponible de cada entidad vinculada a la educaci\u00f3n. \u00a0<\/strong><\/p>\n<figure class=\"wp-block-image size-large\"><img loading=\"lazy\" decoding=\"async\" class=\"wp-image-7049\" src=\"https:\/\/camaradealvear.org.ar\/wp-content\/uploads\/2025\/09\/Oferta-1-1024x682.jpg\" sizes=\"auto, (max-width: 1024px) 100vw, 1024px\" srcset=\"https:\/\/camaradealvear.org.ar\/wp-content\/uploads\/2025\/09\/Oferta-1-1024x682.jpg 1024w, https:\/\/camaradealvear.org.ar\/wp-content\/uploads\/2025\/09\/Oferta-1-300x200.jpg 300w, https:\/\/camaradealvear.org.ar\/wp-content\/uploads\/2025\/09\/Oferta-1-768x512.jpg 768w, https:\/\/camaradealvear.org.ar\/wp-content\/uploads\/2025\/09\/Oferta-1-1536x1023.jpg 1536w, https:\/\/camaradealvear.org.ar\/wp-content\/uploads\/2025\/09\/Oferta-1.jpg 1600w\" alt=\"\" width=\"1024\" height=\"682\" \/><\/figure>\n<p><em><strong>\u201cAgradecemos a las instituciones que nos dan este tiempo que dedican para que los chicos vengan, conozcan las carreras, la oferta que tiene General Alvear y que ojal\u00e1 que de esto salgan muchos profesionales. Hoy, como C\u00e1mara Joven, nos llena de orgullo poder mostrar una vez m\u00e1s que la educaci\u00f3n es y seguir\u00e1 siendo uno de los pilares fundamentales del desarrollo de nuestro departamento. Porque sabemos que no hay crecimiento econ\u00f3mico, social ni cultural sin personas capacitadas, sin j\u00f3venes formados, sin profesionales comprometidos con su comunidad\u201d<\/strong><\/em>, sostuvo <span style=\"color: #003366;\"><strong>Gonzalo Marcolini<\/strong><\/span>, <em>presidente de la C\u00e1mara Joven.<\/em><\/p>\n<p>El joven dirigente resalt\u00f3 adem\u00e1s el trabajo conjunto que se viene realizando con distintos sectores a lo largo de los a\u00f1os de manera ininterrumpida y resalt\u00f3 el lanzamiento de la nueva p\u00e1gina web para que cada alvearense pueda evacuar todas las dudas que tenga sobre la oferta acad\u00e9mica existente.<\/p>\n<p><em><strong>\u201cEn estos 28 a\u00f1os hemos trabajado codo a codo con instituciones educativas, con el Estado y con el sector privado para sostener y ampliar esta propuesta. Y este a\u00f1o, desde la C\u00e1mara de Comercio de General Alvear, junto con nuestra espec\u00edfica joven, hemos redoblado la apuesta con una inversi\u00f3n concreta que busca no solo mantener esta oferta, sino fortalecerla y hacerla llegar a m\u00e1s personas. Hoy lanzamos oficialmente la nueva p\u00e1gina web de la Oferta Educativa de General Alvear:<\/strong><\/em>\u00a0<a href=\"http:\/\/www.camarajovenalvear.com\/\">www.camarajovenalvear.com<\/a>\u201d, afirm\u00f3.<\/p>\n<p>En el acto de apertura estuvieron presente, <span style=\"color: #003366;\"><strong>Ramiro Labay<\/strong><\/span>, <em>presidente de la C\u00e1mara de Alvear<\/em>, <span style=\"color: #003366;\"><strong>Gonzalo Marcolini<\/strong><\/span>, <em>presidente de la C\u00e1mara Joven<\/em>, directivos de la entidad, el <strong><span style=\"color: #003366;\">intendente Alejandro Molero<\/span><\/strong>, <strong><span style=\"color: #003366;\">Alejandra Torti<\/span><\/strong>, <em>presidente del Concejo Deliberante y concejales, miembros del Ejecutivo Municipal y funcionarios de la Direcci\u00f3n General de Escuelas, entre otros.<\/em><\/p>\n<h2 class=\"has-medium-font-size\"><strong>El desaf\u00edo de retener a los j\u00f3venes<\/strong><\/h2>\n<p>El intendente de General Alvear, Alejandro Molero, celebr\u00f3 la masiva participaci\u00f3n de los estudiantes y subray\u00f3 la relevancia que tiene esta iniciativa para el futuro del departamento.<\/p>\n<p><em><strong>\u201cLa satisfacci\u00f3n de ver c\u00f3mo creci\u00f3 la cantidad de j\u00f3venes que visitan esta oferta educativa y la posibilidad cierta que tenemos los alvearenses de retener a nuestros j\u00f3venes en el departamento. Retenerlos significa que est\u00e9n arraigados a su tierra, a su familia. General Alvear durante d\u00e9cadas ha perdido una franja que va de los 18 a los 25, 30 a\u00f1os que se iban en b\u00fasqueda de oportunidades laborales, otros de estudios y que dif\u00edcilmente o rara vez vuelven\u201d<\/strong><\/em>.<\/p>\n<figure class=\"wp-block-image size-large\"><img loading=\"lazy\" decoding=\"async\" class=\"wp-image-7059\" src=\"https:\/\/camaradealvear.org.ar\/wp-content\/uploads\/2025\/09\/oferta-11-1024x682.jpg\" sizes=\"auto, (max-width: 1024px) 100vw, 1024px\" srcset=\"https:\/\/camaradealvear.org.ar\/wp-content\/uploads\/2025\/09\/oferta-11-1024x682.jpg 1024w, https:\/\/camaradealvear.org.ar\/wp-content\/uploads\/2025\/09\/oferta-11-300x200.jpg 300w, https:\/\/camaradealvear.org.ar\/wp-content\/uploads\/2025\/09\/oferta-11-768x512.jpg 768w, https:\/\/camaradealvear.org.ar\/wp-content\/uploads\/2025\/09\/oferta-11-1536x1023.jpg 1536w, https:\/\/camaradealvear.org.ar\/wp-content\/uploads\/2025\/09\/oferta-11.jpg 1600w\" alt=\"\" width=\"1024\" height=\"682\" \/><\/figure>\n<p><em><strong>\u201cEsa franja es la que tiene los sue\u00f1os, las ganas, la esperanza, la superaci\u00f3n permanente. Los j\u00f3venes son los que impulsan a las sociedades al crecimiento, al desarrollo y todos los esfuerzos que podamos hacer en retener a esos j\u00f3venes en General Alvear no solamente nos beneficia econ\u00f3micamente, sino que nos beneficia en la morfolog\u00eda de nuestro pueblo, en la identidad de nuestro pueblo y en el desarrollo de la comunidad\u201d<\/strong><\/em>, agreg\u00f3 el intendente.<\/p>\n<p>Por su parte, <em>la asesora de Juventud<\/em>, <span style=\"color: #003366;\"><strong>Milagros Nieto<\/strong><\/span>, puso en valor el trabajo articulado que se viene desarrollando con la C\u00e1mara Joven.<\/p>\n<p><em><strong>\u201cDesde el a\u00f1o pasado venimos trabajando junto a los chicos de la C\u00e1mara Joven, que son los que inician con este proyecto de oferta educativa. Trabajar en educaci\u00f3n creo que es trabajar en progreso, trabajar en igualdades. Me parece que m\u00e1s all\u00e1 de una muestra de carreras, esto es abrir oportunidades a los j\u00f3venes y a toda la gente que desea aprender o educarse\u201d.<\/strong><\/em><\/p>\n<p class=\"has-medium-font-size\"><strong>Una apuesta a largo plazo<\/strong><\/p>\n<p>La Oferta Educativa de General Alvear se ha convertido en un espacio de referencia para los estudiantes que encuentran en el evento una ventana hacia nuevas oportunidades de formaci\u00f3n. Con 28 a\u00f1os de trayectoria, la iniciativa refleja el compromiso de la C\u00e1mara de Alvear, a trav\u00e9s de la C\u00e1mara Joven, por priorizar la educaci\u00f3n como motor de desarrollo y<\/p>\n","protected":false},"excerpt":{"rendered":"<p>Con un marco imponente de estudiantes que colmaron el predio de Ugacoop, se llev\u00f3 a cabo una nueva edici\u00f3n de la &#8230;<\/p>\n","protected":false},"author":7,"featured_media":152568,"comment_status":"open","ping_status":"open","sticky":false,"template":"","format":"standard","meta":{"footnotes":""},"categories":[1],"tags":[],"class_list":["post-152565","post","type-post","status-publish","format-standard","has-post-thumbnail","hentry","category-fmvinas"],"_links":{"self":[{"href":"https:\/\/vinasfm.com\/noticias\/wp-json\/wp\/v2\/posts\/152565","targetHints":{"allow":["GET"]}}],"collection":[{"href":"https:\/\/vinasfm.com\/noticias\/wp-json\/wp\/v2\/posts"}],"about":[{"href":"https:\/\/vinasfm.com\/noticias\/wp-json\/wp\/v2\/types\/post"}],"author":[{"embeddable":true,"href":"https:\/\/vinasfm.com\/noticias\/wp-json\/wp\/v2\/users\/7"}],"replies":[{"embeddable":true,"href":"https:\/\/vinasfm.com\/noticias\/wp-json\/wp\/v2\/comments?post=152565"}],"version-history":[{"count":1,"href":"https:\/\/vinasfm.com\/noticias\/wp-json\/wp\/v2\/posts\/152565\/revisions"}],"predecessor-version":[{"id":152569,"href":"https:\/\/vinasfm.com\/noticias\/wp-json\/wp\/v2\/posts\/152565\/revisions\/152569"}],"wp:featuredmedia":[{"embeddable":true,"href":"https:\/\/vinasfm.com\/noticias\/wp-json\/wp\/v2\/media\/152568"}],"wp:attachment":[{"href":"https:\/\/vinasfm.com\/noticias\/wp-json\/wp\/v2\/media?parent=152565"}],"wp:term":[{"taxonomy":"category","embeddable":true,"href":"https:\/\/vinasfm.com\/noticias\/wp-json\/wp\/v2\/categories?post=152565"},{"taxonomy":"post_tag","embeddable":true,"href":"https:\/\/vinasfm.com\/noticias\/wp-json\/wp\/v2\/tags?post=152565"}],"curies":[{"name":"wp","href":"https:\/\/api.w.org\/{rel}","templated":true}]}}