{"id":152550,"date":"2025-09-02T09:59:07","date_gmt":"2025-09-02T12:59:07","guid":{"rendered":"https:\/\/vinasfm.com\/noticias\/?p=152550"},"modified":"2025-09-03T10:01:39","modified_gmt":"2025-09-03T13:01:39","slug":"bomberos-de-bowen-sofocaron-el-incendio-de-un-auto-en-ruta-188","status":"publish","type":"post","link":"https:\/\/vinasfm.com\/noticias\/bomberos-de-bowen-sofocaron-el-incendio-de-un-auto-en-ruta-188\/","title":{"rendered":"BOMBEROS DE BOWEN SOFOCARON EL INCENDIO DE UN AUTO EN RUTA 188"},"content":{"rendered":"<p><strong>En la noche del domingo 31 de agosto, pasadas las 23:59 horas, los Bomberos Voluntarios de Bowen debieron intervenir por un incendio vehicular registrado en el kil\u00f3metro 742 de la Ruta Nacional 188.<\/strong><\/p>\n<p>El siniestro afect\u00f3 en su totalidad a un autom\u00f3vil Renault Symbol. Al lugar se desplaz\u00f3 el m\u00f3vil 02 con cinco efectivos, quienes trabajaron con una l\u00ednea de 45 mm para realizar las tareas de enfriamiento.<\/p>\n<p>En el sitio tambi\u00e9n prestaron colaboraci\u00f3n efectivos de la Comisar\u00eda 46 y Bomberos de la Polic\u00eda, quienes llevaron adelante las pericias correspondientes.<\/p>\n<p><strong>El servicio finaliz\u00f3 alrededor de las 02:30 horas, sin registrarse personas heridas.<\/strong><\/p>\n","protected":false},"excerpt":{"rendered":"<p>En la noche del domingo 31 de agosto, pasadas las 23:59 horas, los Bomberos Voluntarios de Bowen debieron intervenir por un &#8230;<\/p>\n","protected":false},"author":7,"featured_media":152551,"comment_status":"open","ping_status":"open","sticky":false,"template":"","format":"standard","meta":{"footnotes":""},"categories":[76,4],"tags":[],"class_list":["post-152550","post","type-post","status-publish","format-standard","has-post-thumbnail","hentry","category-bomberos","category-policiales"],"_links":{"self":[{"href":"https:\/\/vinasfm.com\/noticias\/wp-json\/wp\/v2\/posts\/152550","targetHints":{"allow":["GET"]}}],"collection":[{"href":"https:\/\/vinasfm.com\/noticias\/wp-json\/wp\/v2\/posts"}],"about":[{"href":"https:\/\/vinasfm.com\/noticias\/wp-json\/wp\/v2\/types\/post"}],"author":[{"embeddable":true,"href":"https:\/\/vinasfm.com\/noticias\/wp-json\/wp\/v2\/users\/7"}],"replies":[{"embeddable":true,"href":"https:\/\/vinasfm.com\/noticias\/wp-json\/wp\/v2\/comments?post=152550"}],"version-history":[{"count":2,"href":"https:\/\/vinasfm.com\/noticias\/wp-json\/wp\/v2\/posts\/152550\/revisions"}],"predecessor-version":[{"id":152592,"href":"https:\/\/vinasfm.com\/noticias\/wp-json\/wp\/v2\/posts\/152550\/revisions\/152592"}],"wp:featuredmedia":[{"embeddable":true,"href":"https:\/\/vinasfm.com\/noticias\/wp-json\/wp\/v2\/media\/152551"}],"wp:attachment":[{"href":"https:\/\/vinasfm.com\/noticias\/wp-json\/wp\/v2\/media?parent=152550"}],"wp:term":[{"taxonomy":"category","embeddable":true,"href":"https:\/\/vinasfm.com\/noticias\/wp-json\/wp\/v2\/categories?post=152550"},{"taxonomy":"post_tag","embeddable":true,"href":"https:\/\/vinasfm.com\/noticias\/wp-json\/wp\/v2\/tags?post=152550"}],"curies":[{"name":"wp","href":"https:\/\/api.w.org\/{rel}","templated":true}]}}