{"id":152524,"date":"2025-09-02T10:57:43","date_gmt":"2025-09-02T13:57:43","guid":{"rendered":"https:\/\/vinasfm.com\/noticias\/?p=152524"},"modified":"2025-09-03T10:27:15","modified_gmt":"2025-09-03T13:27:15","slug":"la-comuna-celebro-una-firma-de-convenios-con-productores-horticolas-en-bodega-faraon","status":"publish","type":"post","link":"https:\/\/vinasfm.com\/noticias\/la-comuna-celebro-una-firma-de-convenios-con-productores-horticolas-en-bodega-faraon\/","title":{"rendered":"LA COMUNA CELEBR\u00d3 UNA FIRMA DE CONVENIOS CON PRODUCTORES HORT\u00cdCOLAS EN BODEGA FARA\u00d3N"},"content":{"rendered":"<h4><strong><span style=\"color: #003300;\">En el marco de la pol\u00edtica que, apuesta con fuerza al desarrollo agropecuario local, la Municipalidad concret\u00f3 la firma de convenios con productores hort\u00edcolas del departamento, otorgando cr\u00e9ditos a tasa cero para fomentar la producci\u00f3n y la incorporaci\u00f3n de tecnolog\u00eda. <\/span><\/strong><\/h4>\n<p>El acto se realiz\u00f3 en las instalaciones de la Bodega Fara\u00f3n y cont\u00f3 con la participaci\u00f3n de funcionarios, t\u00e9cnicos y productores locales.<\/p>\n<p>El <em>secretario de Desarrollo<\/em>, <span style=\"color: #003366;\"><strong>Hugo Molina<\/strong><\/span>, destac\u00f3 la continuidad de una l\u00ednea estrat\u00e9gica impulsada desde el inicio por el intendente municipal Alejandro Molero.<strong><em> \u00abEstamos cumpliendo con una visi\u00f3n que pone al agro en el centro del desarrollo productivo. Ya se ejecutaron programas exitosos como el destinado a la compra de semilla de alfalfa, que moviliz\u00f3 500 millones de pesos, y ahora continuamos con este plan hort\u00edcola que destina cerca de 90 millones de pesos a productores locales\u00bb<\/em><\/strong>, explic\u00f3.<\/p>\n<p>Adem\u00e1s, Molina subray\u00f3 la importancia de la Finca Modelo Fara\u00f3n, un espacio donde se realizan ensayos agron\u00f3micos con variedades adaptadas a la regi\u00f3n. <strong><em>\u201cNo estamos hablando de experiencias importadas, sino de probar y conocer qu\u00e9 se puede producir realmente en nuestro suelo, con nuestras condiciones. Es la primera vez que se invierte tanto en el agro con fondos municipales: cerca de 1.100 millones de pesos en un a\u00f1o\u201d<\/em><\/strong>, afirm\u00f3.<\/p>\n<p><a href=\"https:\/\/vinasfm.com\/noticias\/wp-content\/uploads\/2025\/09\/IMG-20250902-WA0047.jpg\"><img loading=\"lazy\" decoding=\"async\" class=\"wp-image-152525 aligncenter\" src=\"https:\/\/vinasfm.com\/noticias\/wp-content\/uploads\/2025\/09\/IMG-20250902-WA0047-1024x575.jpg\" alt=\"\" width=\"600\" height=\"337\" srcset=\"https:\/\/vinasfm.com\/noticias\/wp-content\/uploads\/2025\/09\/IMG-20250902-WA0047-1024x575.jpg 1024w, https:\/\/vinasfm.com\/noticias\/wp-content\/uploads\/2025\/09\/IMG-20250902-WA0047-300x168.jpg 300w, https:\/\/vinasfm.com\/noticias\/wp-content\/uploads\/2025\/09\/IMG-20250902-WA0047-768x431.jpg 768w, https:\/\/vinasfm.com\/noticias\/wp-content\/uploads\/2025\/09\/IMG-20250902-WA0047-1536x862.jpg 1536w, https:\/\/vinasfm.com\/noticias\/wp-content\/uploads\/2025\/09\/IMG-20250902-WA0047-750x420.jpg 750w, https:\/\/vinasfm.com\/noticias\/wp-content\/uploads\/2025\/09\/IMG-20250902-WA0047-1140x641.jpg 1140w, https:\/\/vinasfm.com\/noticias\/wp-content\/uploads\/2025\/09\/IMG-20250902-WA0047.jpg 1600w\" sizes=\"auto, (max-width: 600px) 100vw, 600px\" \/><\/a><\/p>\n<h2>Cr\u00e9ditos que dan ox\u00edgeno<\/h2>\n<p>Por su parte, <strong><span style=\"color: #003366;\">Agust\u00edn Anzorena<\/span><\/strong>, <em>director de Agricultura, Ganader\u00eda y Faena<\/em>, explic\u00f3 los alcances del programa hort\u00edcola: <em><strong>\u201ceste a\u00f1o trabajamos con 47 productores, con un financiamiento de aproximadamente 90 millones de pesos a tasa cero. Es una herramienta muy \u00fatil para los peque\u00f1os y medianos productores, porque les permite producir sin tener que endeudarse de inmediato. El cr\u00e9dito se devuelve reci\u00e9n el 30 de junio de 2026, cuando ya se haya cosechado y vendido la producci\u00f3n\u201d.<\/strong><\/em><\/p>\n<p>Anzorena tambi\u00e9n resalt\u00f3 el rol formativo de la finca experimental: <em><strong>\u201call\u00ed se hacen ensayos con empresas l\u00edderes en semillas a nivel nacional. El productor puede capacitarse, ver c\u00f3mo se comportan distintas variedades y tomar decisiones basadas en informaci\u00f3n real del departamento. La horticultura, con tecnificaci\u00f3n adecuada, puede evitar problemas clim\u00e1ticos como heladas o granizo. Por eso creemos que es una alternativa viable y sustentable\u201d.<\/strong><\/em><\/p>\n<p>Uno de los beneficiarios del programa, Ariel, productor hort\u00edcola de Bowen con varios a\u00f1os de experiencia en el rubro, celebr\u00f3 la iniciativa. <em><strong>\u201cEst\u00e1 b\u00e1rbara la propuesta. Los ensayos que est\u00e1n haciendo son muy buenos, porque permiten conocer variedades nuevas que uno, por falta de tiempo o recursos, no puede probar por cuenta propia\u201d<\/strong><\/em>, se\u00f1al\u00f3.<\/p>\n<p>Adem\u00e1s, valor\u00f3 la flexibilidad del sistema de financiamiento: <em><strong>\u201cel cr\u00e9dito a tasa cero te da un poco de aire para arrancar. Es un empuj\u00f3n para empezar, y despu\u00e9s uno va viendo c\u00f3mo seguir. En la zona se puede producir todo, con m\u00e1s o menos dificultad, pero con tecnolog\u00eda se logra. El tema del agua pinta complicado, pero con reservorios y planificaci\u00f3n se puede enfrentar\u201d.<\/strong><\/em><\/p>\n<p><a href=\"https:\/\/vinasfm.com\/noticias\/wp-content\/uploads\/2025\/09\/IMG-20250902-WA0043.jpg\"><img loading=\"lazy\" decoding=\"async\" class=\"wp-image-152526 aligncenter\" src=\"https:\/\/vinasfm.com\/noticias\/wp-content\/uploads\/2025\/09\/IMG-20250902-WA0043-1024x575.jpg\" alt=\"\" width=\"600\" height=\"337\" srcset=\"https:\/\/vinasfm.com\/noticias\/wp-content\/uploads\/2025\/09\/IMG-20250902-WA0043-1024x575.jpg 1024w, https:\/\/vinasfm.com\/noticias\/wp-content\/uploads\/2025\/09\/IMG-20250902-WA0043-300x168.jpg 300w, https:\/\/vinasfm.com\/noticias\/wp-content\/uploads\/2025\/09\/IMG-20250902-WA0043-768x431.jpg 768w, https:\/\/vinasfm.com\/noticias\/wp-content\/uploads\/2025\/09\/IMG-20250902-WA0043-1536x862.jpg 1536w, https:\/\/vinasfm.com\/noticias\/wp-content\/uploads\/2025\/09\/IMG-20250902-WA0043-750x420.jpg 750w, https:\/\/vinasfm.com\/noticias\/wp-content\/uploads\/2025\/09\/IMG-20250902-WA0043-1140x641.jpg 1140w, https:\/\/vinasfm.com\/noticias\/wp-content\/uploads\/2025\/09\/IMG-20250902-WA0043.jpg 1600w\" sizes=\"auto, (max-width: 600px) 100vw, 600px\" \/><\/a><\/p>\n<h3>Proyecciones<\/h3>\n<p>Desde la Secretar\u00eda de Desarrollo adelantaron que se vienen m\u00e1s actividades y apoyos para el sector. En septiembre habr\u00e1 jornadas de capacitaci\u00f3n, y en octubre se retomar\u00e1 la Expo Cerdo, un evento emblem\u00e1tico para la actividad porcina.<\/p>\n<p>El compromiso del municipio, seg\u00fan subrayaron los funcionarios, no se limita a lo financiero, sino que incluye tambi\u00e9n apoyo t\u00e9cnico, capacitaci\u00f3n y acompa\u00f1amiento constante. Una apuesta integral al desarrollo del agro local que busca generar empleo, valor agregado y soberan\u00eda alimentaria desde el territorio.<\/p>\n","protected":false},"excerpt":{"rendered":"<p>En el marco de la pol\u00edtica que, apuesta con fuerza al desarrollo agropecuario local, la Municipalidad concret\u00f3 la firma de convenios &#8230;<\/p>\n","protected":false},"author":7,"featured_media":152527,"comment_status":"open","ping_status":"open","sticky":false,"template":"","format":"standard","meta":{"footnotes":""},"categories":[10,78],"tags":[],"class_list":["post-152524","post","type-post","status-publish","format-standard","has-post-thumbnail","hentry","category-destacadas","category-municipalidad"],"_links":{"self":[{"href":"https:\/\/vinasfm.com\/noticias\/wp-json\/wp\/v2\/posts\/152524","targetHints":{"allow":["GET"]}}],"collection":[{"href":"https:\/\/vinasfm.com\/noticias\/wp-json\/wp\/v2\/posts"}],"about":[{"href":"https:\/\/vinasfm.com\/noticias\/wp-json\/wp\/v2\/types\/post"}],"author":[{"embeddable":true,"href":"https:\/\/vinasfm.com\/noticias\/wp-json\/wp\/v2\/users\/7"}],"replies":[{"embeddable":true,"href":"https:\/\/vinasfm.com\/noticias\/wp-json\/wp\/v2\/comments?post=152524"}],"version-history":[{"count":1,"href":"https:\/\/vinasfm.com\/noticias\/wp-json\/wp\/v2\/posts\/152524\/revisions"}],"predecessor-version":[{"id":152528,"href":"https:\/\/vinasfm.com\/noticias\/wp-json\/wp\/v2\/posts\/152524\/revisions\/152528"}],"wp:featuredmedia":[{"embeddable":true,"href":"https:\/\/vinasfm.com\/noticias\/wp-json\/wp\/v2\/media\/152527"}],"wp:attachment":[{"href":"https:\/\/vinasfm.com\/noticias\/wp-json\/wp\/v2\/media?parent=152524"}],"wp:term":[{"taxonomy":"category","embeddable":true,"href":"https:\/\/vinasfm.com\/noticias\/wp-json\/wp\/v2\/categories?post=152524"},{"taxonomy":"post_tag","embeddable":true,"href":"https:\/\/vinasfm.com\/noticias\/wp-json\/wp\/v2\/tags?post=152524"}],"curies":[{"name":"wp","href":"https:\/\/api.w.org\/{rel}","templated":true}]}}