{"id":152515,"date":"2025-09-02T09:38:29","date_gmt":"2025-09-02T12:38:29","guid":{"rendered":"https:\/\/vinasfm.com\/noticias\/?p=152515"},"modified":"2025-09-03T09:50:22","modified_gmt":"2025-09-03T12:50:22","slug":"general-alvear-presente-en-las-finales-nacionales-de-los-juegos-evita-de-adultos-mayores-en-salta","status":"publish","type":"post","link":"https:\/\/vinasfm.com\/noticias\/general-alvear-presente-en-las-finales-nacionales-de-los-juegos-evita-de-adultos-mayores-en-salta\/","title":{"rendered":"GENERAL ALVEAR PRESENTE EN LAS FINALES NACIONALES DE LOS JUEGOS EVITA DE ADULTOS MAYORES EN SALTA"},"content":{"rendered":"<h4 data-start=\"176\" data-end=\"350\"><strong>Con gran expectativa la delegaci\u00f3n de General Alvear se encuentra en Salta participando de las finales nacionales de los Juegos Evita para Adultos Mayores.<\/strong><\/h4>\n<p data-start=\"352\" data-end=\"589\">En di\u00e1logo con <strong><span style=\"color: #993366;\">FM VI\u00d1AS<\/span><\/strong> Roberto \u00abMemo\u00bb Sim\u00f3n dio detalles de quienes son las personas que se encuentran participando: <strong><em>&#8216;entre los representantes locales se destaca el equipo de p\u00e1del masculino, integrado por Hugo Olivera y \u201cEl Gringo\u201d Rosa<\/em>&#8216;.<\/strong><\/p>\n<p data-start=\"591\" data-end=\"778\">Adem\u00e1s del p\u00e1del, Alvear present\u00f3\u00a0 varias disciplinas como <strong data-start=\"657\" data-end=\"700\"><span style=\"color: #993366;\">newcom<\/span>, <span style=\"color: #993366;\">tejo<\/span>, <span style=\"color: #993366;\">sapo<\/span>, <span style=\"color: #993366;\">truco<\/span> y <span style=\"color: #993366;\">orientaci\u00f3n<\/span><\/strong>, con un total de <span style=\"color: #993366;\"><strong data-start=\"718\" data-end=\"736\">42 deportistas<\/strong> <\/span>que llevan la bandera del departamento.<\/p>\n<p data-start=\"780\" data-end=\"970\"><em><strong>&#8216;Estamos muy bien, reci\u00e9n llegados, muy contentos y con mucha expectativa. Ma\u00f1ana a las ocho de la ma\u00f1ana comienzan las actividades deportivas&#8217;<\/strong><\/em>, se\u00f1al\u00f3.<\/p>\n<p data-start=\"1134\" data-end=\"1313\">\n","protected":false},"excerpt":{"rendered":"<p>Con gran expectativa la delegaci\u00f3n de General Alvear se encuentra en Salta participando de las finales nacionales de los Juegos Evita &#8230;<\/p>\n","protected":false},"author":7,"featured_media":152520,"comment_status":"open","ping_status":"open","sticky":false,"template":"","format":"standard","meta":{"footnotes":""},"categories":[3,10],"tags":[],"class_list":["post-152515","post","type-post","status-publish","format-standard","has-post-thumbnail","hentry","category-deportes","category-destacadas"],"_links":{"self":[{"href":"https:\/\/vinasfm.com\/noticias\/wp-json\/wp\/v2\/posts\/152515","targetHints":{"allow":["GET"]}}],"collection":[{"href":"https:\/\/vinasfm.com\/noticias\/wp-json\/wp\/v2\/posts"}],"about":[{"href":"https:\/\/vinasfm.com\/noticias\/wp-json\/wp\/v2\/types\/post"}],"author":[{"embeddable":true,"href":"https:\/\/vinasfm.com\/noticias\/wp-json\/wp\/v2\/users\/7"}],"replies":[{"embeddable":true,"href":"https:\/\/vinasfm.com\/noticias\/wp-json\/wp\/v2\/comments?post=152515"}],"version-history":[{"count":1,"href":"https:\/\/vinasfm.com\/noticias\/wp-json\/wp\/v2\/posts\/152515\/revisions"}],"predecessor-version":[{"id":152517,"href":"https:\/\/vinasfm.com\/noticias\/wp-json\/wp\/v2\/posts\/152515\/revisions\/152517"}],"wp:featuredmedia":[{"embeddable":true,"href":"https:\/\/vinasfm.com\/noticias\/wp-json\/wp\/v2\/media\/152520"}],"wp:attachment":[{"href":"https:\/\/vinasfm.com\/noticias\/wp-json\/wp\/v2\/media?parent=152515"}],"wp:term":[{"taxonomy":"category","embeddable":true,"href":"https:\/\/vinasfm.com\/noticias\/wp-json\/wp\/v2\/categories?post=152515"},{"taxonomy":"post_tag","embeddable":true,"href":"https:\/\/vinasfm.com\/noticias\/wp-json\/wp\/v2\/tags?post=152515"}],"curies":[{"name":"wp","href":"https:\/\/api.w.org\/{rel}","templated":true}]}}