{"id":152498,"date":"2025-09-01T20:16:53","date_gmt":"2025-09-01T23:16:53","guid":{"rendered":"https:\/\/vinasfm.com\/noticias\/?p=152498"},"modified":"2025-09-02T09:57:59","modified_gmt":"2025-09-02T12:57:59","slug":"desde-la-municipalidad-trabajan-para-recuperar-las-calles-luego-de-las-intensas-lluvias","status":"publish","type":"post","link":"https:\/\/vinasfm.com\/noticias\/desde-la-municipalidad-trabajan-para-recuperar-las-calles-luego-de-las-intensas-lluvias\/","title":{"rendered":"DESDE LA MUNICIPALIDAD TRABAJAN PARA RECUPERAR LAS CALLES LUEGO DE LAS INTENSAS LLUVIAS"},"content":{"rendered":"<h4 dir=\"auto\">Tras las lluvias registradas durante el fin de semana, varias calles de General Alvear sufrieron anegamientos, lo que gener\u00f3 dificultades en la circulaci\u00f3n en algunos sectores del departamento. En respuesta, la Municipalidad comenz\u00f3 este lunes con tareas de recuperaci\u00f3n y mantenimiento, a trav\u00e9s de la Secretar\u00eda de Obras y Servicios P\u00fablicos.<\/h4>\n<div dir=\"auto\">El director de Obras P\u00fablicas, \u00c1ngel Mart\u00ednez, brind\u00f3 detalles sobre los trabajos que se est\u00e1n llevando a cabo en diferentes barrios afectados.<em><strong> \u201cCon la cantidad de mil\u00edmetros ca\u00eddos durante el fin de semana, algunas calles presentaron inconvenientes. Por eso tenemos tres equipos trabajando actualmente: uno en el barrio Prensa, otro en la zona Oeste y un tercero en distintos sectores donde nos han solicitado asistencia\u201d<\/strong><\/em>, explic\u00f3.<\/div>\n<div dir=\"auto\"><\/div>\n<div dir=\"auto\">Adem\u00e1s, Mart\u00ednez se\u00f1al\u00f3 que, paralelamente a las tareas de recuperaci\u00f3n, se est\u00e1n realizando trabajos de consolidaci\u00f3n del suelo en preparaci\u00f3n para futuras obras de pavimentaci\u00f3n. <em><strong>\u201cEstamos consolidando varias calles porque en poco tiempo comenzar\u00e1n tareas de asfalto en distintas zonas\u201d<\/strong><\/em>, agreg\u00f3.<\/div>\n<div dir=\"auto\"><\/div>\n<div dir=\"auto\">En cuanto al estado en que se encontraban las calles, el funcionario detall\u00f3 que algunas ya hab\u00edan sido intervenidas d\u00edas atr\u00e1s, y respondieron bien a las lluvias. Sin embargo, en otras \u2014principalmente en aquellas sin cunetas o con deficiente escurrimiento\u2014 se registraron anegamientos m\u00e1s serios.<\/div>\n<div dir=\"auto\"><\/div>\n<div dir=\"auto\"><em><strong>\u201cPedimos paciencia a los vecinos. Sabemos que hay calles complicadas, pero estamos trabajando con equipos y personal en territorio\u201d<\/strong><\/em>, indic\u00f3 Mart\u00ednez.<\/div>\n<div dir=\"auto\"><\/div>\n<div dir=\"auto\">Tambi\u00e9n explic\u00f3 que el procedimiento que se realiza incluye el uso de material estabilizado, lo cual no solo mejora la transitabilidad, sino que facilita una mejor absorci\u00f3n del agua en futuras lluvias.<\/div>\n","protected":false},"excerpt":{"rendered":"<p>Tras las lluvias registradas durante el fin de semana, varias calles de General Alvear sufrieron anegamientos, lo que gener\u00f3 dificultades en &#8230;<\/p>\n","protected":false},"author":7,"featured_media":152499,"comment_status":"open","ping_status":"open","sticky":false,"template":"","format":"standard","meta":{"footnotes":""},"categories":[10,29],"tags":[],"class_list":["post-152498","post","type-post","status-publish","format-standard","has-post-thumbnail","hentry","category-destacadas","category-obras-y-servicios"],"_links":{"self":[{"href":"https:\/\/vinasfm.com\/noticias\/wp-json\/wp\/v2\/posts\/152498","targetHints":{"allow":["GET"]}}],"collection":[{"href":"https:\/\/vinasfm.com\/noticias\/wp-json\/wp\/v2\/posts"}],"about":[{"href":"https:\/\/vinasfm.com\/noticias\/wp-json\/wp\/v2\/types\/post"}],"author":[{"embeddable":true,"href":"https:\/\/vinasfm.com\/noticias\/wp-json\/wp\/v2\/users\/7"}],"replies":[{"embeddable":true,"href":"https:\/\/vinasfm.com\/noticias\/wp-json\/wp\/v2\/comments?post=152498"}],"version-history":[{"count":1,"href":"https:\/\/vinasfm.com\/noticias\/wp-json\/wp\/v2\/posts\/152498\/revisions"}],"predecessor-version":[{"id":152500,"href":"https:\/\/vinasfm.com\/noticias\/wp-json\/wp\/v2\/posts\/152498\/revisions\/152500"}],"wp:featuredmedia":[{"embeddable":true,"href":"https:\/\/vinasfm.com\/noticias\/wp-json\/wp\/v2\/media\/152499"}],"wp:attachment":[{"href":"https:\/\/vinasfm.com\/noticias\/wp-json\/wp\/v2\/media?parent=152498"}],"wp:term":[{"taxonomy":"category","embeddable":true,"href":"https:\/\/vinasfm.com\/noticias\/wp-json\/wp\/v2\/categories?post=152498"},{"taxonomy":"post_tag","embeddable":true,"href":"https:\/\/vinasfm.com\/noticias\/wp-json\/wp\/v2\/tags?post=152498"}],"curies":[{"name":"wp","href":"https:\/\/api.w.org\/{rel}","templated":true}]}}