{"id":152491,"date":"2025-09-01T11:25:41","date_gmt":"2025-09-01T14:25:41","guid":{"rendered":"https:\/\/vinasfm.com\/noticias\/?p=152491"},"modified":"2025-09-02T09:59:32","modified_gmt":"2025-09-02T12:59:32","slug":"defensa-civil-evaluo-el-paso-de-la-tormenta-de-santa-rosa-en-general-alvear-lo-mas-complicado-fue-el-viento","status":"publish","type":"post","link":"https:\/\/vinasfm.com\/noticias\/defensa-civil-evaluo-el-paso-de-la-tormenta-de-santa-rosa-en-general-alvear-lo-mas-complicado-fue-el-viento\/","title":{"rendered":"DEFENSA CIVIL EVALU\u00d3 EL PASO DE LA TORMENTA DE SANTA ROSA EN GENERAL ALVEAR: \u201cLO M\u00c1S COMPLICADO FUE EL VIENTO\u201d"},"content":{"rendered":"<h4><strong><span style=\"color: #003300;\">El director de Defensa Civil de General Alvear, Javier Velasco, brind\u00f3 detalles sobre el paso de la tradicional tormenta de Santa Rosa, fen\u00f3meno meteorol\u00f3gico que suele registrarse entre fines de agosto y principios de septiembre.<\/span><\/strong><\/h4>\n<p>Seg\u00fan explic\u00f3, desde la ma\u00f1ana del s\u00e1bado se trabaj\u00f3 intensamente a ra\u00edz de las <strong>r\u00e1fagas de viento que superaron los 40 km\/h<\/strong>, provocando la ca\u00edda de \u00e1rboles, ramas y afectando varias l\u00edneas de electricidad. <strong><em>\u201cLa Cooperativa El\u00e9ctrica Cecsagal estuvo trabajando en distintos puntos del departamento por cables y l\u00edneas da\u00f1adas\u201d<\/em><\/strong>, se\u00f1al\u00f3 Velasco.<\/p>\n<p>Durante la jornada tambi\u00e9n se recibieron llamados de vecinos que sufrieron filtraciones en techos, a quienes se asisti\u00f3 con aportes de nylon y elementos de refuerzo. El domingo continuaron las precipitaciones, aunque con valores dentro de lo esperado: <em><strong>\u201cEn Canalejas y Cochic\u00f3 llovieron cerca de 27 a 30 mil\u00edmetros, y en otros parajes del sur se registraron hasta 60 mm, pero nada extraordinario\u201d<\/strong><\/em>, detall\u00f3.<\/p>\n<h4><a href=\"https:\/\/vinasfm.com\/noticias\/wp-content\/uploads\/2025\/09\/IMG-20250830-WA0131.jpg\"><img loading=\"lazy\" decoding=\"async\" class=\"wp-image-152490 aligncenter\" src=\"https:\/\/vinasfm.com\/noticias\/wp-content\/uploads\/2025\/09\/IMG-20250830-WA0131-1024x576.jpg\" alt=\"\" width=\"600\" height=\"338\" srcset=\"https:\/\/vinasfm.com\/noticias\/wp-content\/uploads\/2025\/09\/IMG-20250830-WA0131-1024x576.jpg 1024w, https:\/\/vinasfm.com\/noticias\/wp-content\/uploads\/2025\/09\/IMG-20250830-WA0131-300x169.jpg 300w, https:\/\/vinasfm.com\/noticias\/wp-content\/uploads\/2025\/09\/IMG-20250830-WA0131-768x432.jpg 768w, https:\/\/vinasfm.com\/noticias\/wp-content\/uploads\/2025\/09\/IMG-20250830-WA0131-1536x864.jpg 1536w, https:\/\/vinasfm.com\/noticias\/wp-content\/uploads\/2025\/09\/IMG-20250830-WA0131-1140x641.jpg 1140w, https:\/\/vinasfm.com\/noticias\/wp-content\/uploads\/2025\/09\/IMG-20250830-WA0131.jpg 1600w\" sizes=\"auto, (max-width: 600px) 100vw, 600px\" \/><\/a><\/h4>\n<p>Velasco destac\u00f3 la importancia del <strong>trabajo en equipo<\/strong> que se organiz\u00f3 de manera preventiva por pedido del intendente. <strong><em>\u201cLa semana anterior armamos un operativo conjunto entre varias \u00e1reas. Servicios P\u00fablicos desagot\u00f3 los colectores principales de la ciudad, Obras P\u00fablicas dispuso guardias con maquinaria, Irrigaci\u00f3n estuvo atenta al cauce de agua y el hospital tambi\u00e9n trabaj\u00f3 en coordinaci\u00f3n. Gracias a eso no hubo que lamentar anegamientos ni puentes obstruidos\u201d<\/em><\/strong>, asegur\u00f3.<\/p>\n<p>El funcionario compar\u00f3 la situaci\u00f3n local con otros puntos de Mendoza: <strong><em>\u201cEn San Mart\u00edn y Malarg\u00fce hubo granizo e incluso nevadas, pero en nuestra zona el fen\u00f3meno fue bastante leve. Aqu\u00ed lo m\u00e1s complicado fueron los vientos fuertes que generaron ca\u00edda de \u00e1rboles y problemas con los cables\u201d.<\/em><\/strong><\/p>\n<h2>Balance positivo<\/h2>\n<p>Finalmente, el director de Defensa Civil destac\u00f3 que las acciones preventivas fueron efectivas y permitieron minimizar los inconvenientes. <em><strong>\u201cSirvi\u00f3 mucho haber previsto un equipo interdisciplinario. La tormenta fue moderada en General Alvear y, gracias al trabajo previo, no hubo que lamentar mayores complicaciones\u201d<\/strong><\/em>, concluy\u00f3 Velasco.<\/p>\n<p>&nbsp;<\/p>\n","protected":false},"excerpt":{"rendered":"<p>El director de Defensa Civil de General Alvear, Javier Velasco, brind\u00f3 detalles sobre el paso de la tradicional tormenta de Santa &#8230;<\/p>\n","protected":false},"author":7,"featured_media":152489,"comment_status":"open","ping_status":"open","sticky":false,"template":"","format":"standard","meta":{"footnotes":""},"categories":[51,10],"tags":[],"class_list":["post-152491","post","type-post","status-publish","format-standard","has-post-thumbnail","hentry","category-defensa-civil","category-destacadas"],"_links":{"self":[{"href":"https:\/\/vinasfm.com\/noticias\/wp-json\/wp\/v2\/posts\/152491","targetHints":{"allow":["GET"]}}],"collection":[{"href":"https:\/\/vinasfm.com\/noticias\/wp-json\/wp\/v2\/posts"}],"about":[{"href":"https:\/\/vinasfm.com\/noticias\/wp-json\/wp\/v2\/types\/post"}],"author":[{"embeddable":true,"href":"https:\/\/vinasfm.com\/noticias\/wp-json\/wp\/v2\/users\/7"}],"replies":[{"embeddable":true,"href":"https:\/\/vinasfm.com\/noticias\/wp-json\/wp\/v2\/comments?post=152491"}],"version-history":[{"count":1,"href":"https:\/\/vinasfm.com\/noticias\/wp-json\/wp\/v2\/posts\/152491\/revisions"}],"predecessor-version":[{"id":152494,"href":"https:\/\/vinasfm.com\/noticias\/wp-json\/wp\/v2\/posts\/152491\/revisions\/152494"}],"wp:featuredmedia":[{"embeddable":true,"href":"https:\/\/vinasfm.com\/noticias\/wp-json\/wp\/v2\/media\/152489"}],"wp:attachment":[{"href":"https:\/\/vinasfm.com\/noticias\/wp-json\/wp\/v2\/media?parent=152491"}],"wp:term":[{"taxonomy":"category","embeddable":true,"href":"https:\/\/vinasfm.com\/noticias\/wp-json\/wp\/v2\/categories?post=152491"},{"taxonomy":"post_tag","embeddable":true,"href":"https:\/\/vinasfm.com\/noticias\/wp-json\/wp\/v2\/tags?post=152491"}],"curies":[{"name":"wp","href":"https:\/\/api.w.org\/{rel}","templated":true}]}}