{"id":152482,"date":"2025-09-01T10:02:51","date_gmt":"2025-09-01T13:02:51","guid":{"rendered":"https:\/\/vinasfm.com\/noticias\/?p=152482"},"modified":"2025-09-02T08:40:05","modified_gmt":"2025-09-02T11:40:05","slug":"detuvieron-a-un-conductor-ebrio-y-sin-licencia-en-un-control-vial","status":"publish","type":"post","link":"https:\/\/vinasfm.com\/noticias\/detuvieron-a-un-conductor-ebrio-y-sin-licencia-en-un-control-vial\/","title":{"rendered":"DETUVIERON A UN CONDUCTOR EBRIO Y SIN LICENCIA EN UN CONTROL VIAL"},"content":{"rendered":"<h4><strong><span style=\"color: #003300;\">Un hombre de 38 a\u00f1os fue detenido este domingo por la tarde en el marco de controles viales realizados en General Alvear, luego de comprobarse que conduc\u00eda en estado de ebriedad y sin contar con licencia habilitante.<\/span><\/strong><\/h4>\n<p>El procedimiento tuvo lugar alrededor de las <strong>19:00 horas<\/strong>, en <strong>Diagonal Pellegrini al 200<\/strong>, y estuvo a cargo de efectivos de la <strong>Polic\u00eda Vial<\/strong>, dependientes de la <strong>Comisar\u00eda 14\u00b0<\/strong>.<\/p>\n<p>Seg\u00fan informaron fuentes policiales, al momento de ser controlado, el conductor de una camioneta <strong>Ford<\/strong> fue sometido al test de alcoholemia, el cual arroj\u00f3 un resultado de <strong>1,47 gramos de alcohol en sangre<\/strong>, superando ampliamente el l\u00edmite legal permitido.<\/p>\n<p>Adem\u00e1s, se constat\u00f3 que el hombre identificado como <strong>J.K., de 38 a\u00f1os<\/strong>, no pose\u00eda licencia de conducir. Por tal motivo, se procedi\u00f3 al <strong>secuestro del veh\u00edculo<\/strong> y al labrado de las actuaciones correspondientes en averiguaci\u00f3n de <strong>infracci\u00f3n al art\u00edculo 67 bis de la Ley 9099<\/strong>.<\/p>\n<p>Las autoridades remarcaron que estos controles forman parte de los <strong>operativos preventivos de seguridad vial<\/strong> que se desarrollan habitualmente en distintos puntos del departamento con el objetivo de reducir la siniestralidad y garantizar el cumplimiento de la normativa vigente.<\/p>\n<p>&nbsp;<\/p>\n","protected":false},"excerpt":{"rendered":"<p>Un hombre de 38 a\u00f1os fue detenido este domingo por la tarde en el marco de controles viales realizados en General &#8230;<\/p>\n","protected":false},"author":7,"featured_media":152483,"comment_status":"open","ping_status":"open","sticky":false,"template":"","format":"standard","meta":{"footnotes":""},"categories":[4,56],"tags":[],"class_list":["post-152482","post","type-post","status-publish","format-standard","has-post-thumbnail","hentry","category-policiales","category-seguridad-vial"],"_links":{"self":[{"href":"https:\/\/vinasfm.com\/noticias\/wp-json\/wp\/v2\/posts\/152482","targetHints":{"allow":["GET"]}}],"collection":[{"href":"https:\/\/vinasfm.com\/noticias\/wp-json\/wp\/v2\/posts"}],"about":[{"href":"https:\/\/vinasfm.com\/noticias\/wp-json\/wp\/v2\/types\/post"}],"author":[{"embeddable":true,"href":"https:\/\/vinasfm.com\/noticias\/wp-json\/wp\/v2\/users\/7"}],"replies":[{"embeddable":true,"href":"https:\/\/vinasfm.com\/noticias\/wp-json\/wp\/v2\/comments?post=152482"}],"version-history":[{"count":1,"href":"https:\/\/vinasfm.com\/noticias\/wp-json\/wp\/v2\/posts\/152482\/revisions"}],"predecessor-version":[{"id":152484,"href":"https:\/\/vinasfm.com\/noticias\/wp-json\/wp\/v2\/posts\/152482\/revisions\/152484"}],"wp:featuredmedia":[{"embeddable":true,"href":"https:\/\/vinasfm.com\/noticias\/wp-json\/wp\/v2\/media\/152483"}],"wp:attachment":[{"href":"https:\/\/vinasfm.com\/noticias\/wp-json\/wp\/v2\/media?parent=152482"}],"wp:term":[{"taxonomy":"category","embeddable":true,"href":"https:\/\/vinasfm.com\/noticias\/wp-json\/wp\/v2\/categories?post=152482"},{"taxonomy":"post_tag","embeddable":true,"href":"https:\/\/vinasfm.com\/noticias\/wp-json\/wp\/v2\/tags?post=152482"}],"curies":[{"name":"wp","href":"https:\/\/api.w.org\/{rel}","templated":true}]}}