{"id":152437,"date":"2025-08-30T11:37:52","date_gmt":"2025-08-30T14:37:52","guid":{"rendered":"https:\/\/vinasfm.com\/noticias\/?p=152437"},"modified":"2025-09-01T09:40:02","modified_gmt":"2025-09-01T12:40:02","slug":"robaron-una-bicicleta-en-plena-via-publica","status":"publish","type":"post","link":"https:\/\/vinasfm.com\/noticias\/robaron-una-bicicleta-en-plena-via-publica\/","title":{"rendered":"ROBARON UNA BICICLETA EN PLENA V\u00cdA P\u00daBLICA"},"content":{"rendered":"<h4 data-start=\"138\" data-end=\"236\">Una joven de 18 a\u00f1os denunci\u00f3 el robo de su bicicleta en la tarde-noche del viernes.<\/h4>\n<p data-start=\"238\" data-end=\"545\">El hecho ocurri\u00f3 alrededor de las 19:30 en Diagonal Carlos Pellegrini al 498. Seg\u00fan consta en la denuncia realizada en la Comisar\u00eda 14\u00aa, la v\u00edctima, identificada como Valentina E.,<strong> hab\u00eda dejado su bicicleta sin medidas de seguridad y, al regresar, constat\u00f3 que autores desconocidos se la hab\u00edan sustra\u00eddo.<\/strong><\/p>\n<p data-start=\"547\" data-end=\"715\">Se trata de una bicicleta marca <strong data-start=\"579\" data-end=\"590\">Topmega<\/strong>, rodado 29, modelo <strong data-start=\"610\" data-end=\"622\">Sunshine<\/strong>, tipo todo terreno, de color gris con detalles en rojo y negro, asiento negro tipo \u201ccola\u201d.<\/p>\n<p data-start=\"717\" data-end=\"884\">Los responsables del robo se dieron a la fuga y las actuaciones quedaron a cargo de la Oficina Fiscal de General Alvear, que inici\u00f3 la investigaci\u00f3n correspondiente.<\/p>\n","protected":false},"excerpt":{"rendered":"<p>Una joven de 18 a\u00f1os denunci\u00f3 el robo de su bicicleta en la tarde-noche del viernes. El hecho ocurri\u00f3 alrededor de &#8230;<\/p>\n","protected":false},"author":7,"featured_media":125434,"comment_status":"open","ping_status":"open","sticky":false,"template":"","format":"standard","meta":{"footnotes":""},"categories":[201,4],"tags":[],"class_list":["post-152437","post","type-post","status-publish","format-standard","has-post-thumbnail","hentry","category-inseguridad","category-policiales"],"_links":{"self":[{"href":"https:\/\/vinasfm.com\/noticias\/wp-json\/wp\/v2\/posts\/152437","targetHints":{"allow":["GET"]}}],"collection":[{"href":"https:\/\/vinasfm.com\/noticias\/wp-json\/wp\/v2\/posts"}],"about":[{"href":"https:\/\/vinasfm.com\/noticias\/wp-json\/wp\/v2\/types\/post"}],"author":[{"embeddable":true,"href":"https:\/\/vinasfm.com\/noticias\/wp-json\/wp\/v2\/users\/7"}],"replies":[{"embeddable":true,"href":"https:\/\/vinasfm.com\/noticias\/wp-json\/wp\/v2\/comments?post=152437"}],"version-history":[{"count":2,"href":"https:\/\/vinasfm.com\/noticias\/wp-json\/wp\/v2\/posts\/152437\/revisions"}],"predecessor-version":[{"id":152439,"href":"https:\/\/vinasfm.com\/noticias\/wp-json\/wp\/v2\/posts\/152437\/revisions\/152439"}],"wp:featuredmedia":[{"embeddable":true,"href":"https:\/\/vinasfm.com\/noticias\/wp-json\/wp\/v2\/media\/125434"}],"wp:attachment":[{"href":"https:\/\/vinasfm.com\/noticias\/wp-json\/wp\/v2\/media?parent=152437"}],"wp:term":[{"taxonomy":"category","embeddable":true,"href":"https:\/\/vinasfm.com\/noticias\/wp-json\/wp\/v2\/categories?post=152437"},{"taxonomy":"post_tag","embeddable":true,"href":"https:\/\/vinasfm.com\/noticias\/wp-json\/wp\/v2\/tags?post=152437"}],"curies":[{"name":"wp","href":"https:\/\/api.w.org\/{rel}","templated":true}]}}